{"id":507612,"date":"2017-11-01T12:30:01","date_gmt":"2017-11-01T18:30:01","guid":{"rendered":"https:\/\/www.futboltotal.com.mx\/?p=507612"},"modified":"2017-11-01T12:30:01","modified_gmt":"2017-11-01T18:30:01","slug":"jose-mourinho-quiere-a-cesc-fabregas-en-manchester-united","status":"publish","type":"post","link":"http:\/\/desarrollo.grupomedios.com\/futbol\/futbol-internacional\/jose-mourinho-quiere-a-cesc-fabregas-en-manchester-united\/2017\/11","title":{"rendered":"Jos\u00e9 Mourinho quiere a Cesc F\u00e1bregas en el Manchester United"},"content":{"rendered":"<p>A pesar de que cuenta con una gran plantilla, <strong>Jos\u00e9 Mourinho<\/strong> quiere seguir reforzando al <strong>Manchester United<\/strong> para las pr\u00f3ximas temporadas y ya piensa en llevarse a uno de sus exjugadores del <strong>Chelsea<\/strong>.<\/p>\n<p>El t\u00e9cnico portugu\u00e9s quiere volver a contar con <strong>Cesc F\u00e1bregas<\/strong> y buscar\u00e1 convencer al centrocampista catal\u00e1n para que se marche a <strong>Old Trafford<\/strong> antes del t\u00e9rmino de su contrato, que expira el mes de junio de 2019. La entidad londinense, sin embargo, no piensa tolerarlo.<\/p>\n<p style=\"text-align: center;\"><span style=\"color: #3366ff;\"><a href=\"https:\/\/www.futboltotal.com.mx\/futbol-internacional\/liga-de-inglaterra\/arsenal-insiste-ya-hizo-la-oferta-30-mde-chucky-lozano\/2017\/11\">VER M\u00c1S: Arsenal insiste, ya hizo oferta de 30 mde por Chucky Lozano<\/a><\/span><\/p>\n<p>Tal y como ha publicado el rotativo <em>Times<\/em>, el United quiere hacerse con Cesc el pr\u00f3ximo verano, con \u00e1nimos de mejorar su centro del campo. Rumor al que el Chelsea ha respondido con dureza, preparando una importante oferta de renovaci\u00f3n al canterano cul\u00e9, seg\u00fan desvela el portal\u00a0<em>Mundo Deportivo<\/em>.<\/p>\n<p>Una de las ventajas para los <em>Red Devils<\/em> y desventaja para F\u00e1bregas, es que tiene 30 a\u00f1os y que, seg\u00fan la pol\u00edtica habitual del conjunto <em>blue<\/em>, la propuesta de renovaci\u00f3n no superar\u00e1 el a\u00f1o, mientras que Cesc querr\u00eda ampliar su vinculaci\u00f3n hasta 2021.<\/p>\n","protected":false},"excerpt":{"rendered":"<p>El t\u00e9cnico portugu\u00e9s quiere volver a dirigir al espa\u00f1ol.<\/p>\n","protected":false},"author":129,"featured_media":507614,"comment_status":"closed","ping_status":"closed","sticky":false,"template":"","format":"standard","meta":[],"categories":[3839,3846],"tags":[347,5981,288,43,334],"_links":{"self":[{"href":"http:\/\/desarrollo.grupomedios.com\/futbol\/wp-json\/wp\/v2\/posts\/507612"}],"collection":[{"href":"http:\/\/desarrollo.grupomedios.com\/futbol\/wp-json\/wp\/v2\/posts"}],"about":[{"href":"http:\/\/desarrollo.grupomedios.com\/futbol\/wp-json\/wp\/v2\/types\/post"}],"author":[{"embeddable":true,"href":"http:\/\/desarrollo.grupomedios.com\/futbol\/wp-json\/wp\/v2\/users\/129"}],"replies":[{"embeddable":true,"href":"http:\/\/desarrollo.grupomedios.com\/futbol\/wp-json\/wp\/v2\/comments?post=507612"}],"version-history":[{"count":1,"href":"http:\/\/desarrollo.grupomedios.com\/futbol\/wp-json\/wp\/v2\/posts\/507612\/revisions"}],"predecessor-version":[{"id":507615,"href":"http:\/\/desarrollo.grupomedios.com\/futbol\/wp-json\/wp\/v2\/posts\/507612\/revisions\/507615"}],"wp:featuredmedia":[{"embeddable":true,"href":"http:\/\/desarrollo.grupomedios.com\/futbol\/wp-json\/wp\/v2\/media\/507614"}],"wp:attachment":[{"href":"http:\/\/desarrollo.grupomedios.com\/futbol\/wp-json\/wp\/v2\/media?parent=507612"}],"wp:term":[{"taxonomy":"category","embeddable":true,"href":"http:\/\/desarrollo.grupomedios.com\/futbol\/wp-json\/wp\/v2\/categories?post=507612"},{"taxonomy":"post_tag","embeddable":true,"href":"http:\/\/desarrollo.grupomedios.com\/futbol\/wp-json\/wp\/v2\/tags?post=507612"}],"curies":[{"name":"wp","href":"https:\/\/api.w.org\/{rel}","templated":true}]}}