{"id":507613,"date":"2017-11-01T12:38:29","date_gmt":"2017-11-01T18:38:29","guid":{"rendered":"https:\/\/www.futboltotal.com.mx\/?p=507613"},"modified":"2017-11-01T12:38:29","modified_gmt":"2017-11-01T18:38:29","slug":"hugo-sanchez-no-sabe-que-liga-juega-atlante","status":"publish","type":"post","link":"http:\/\/desarrollo.grupomedios.com\/futbol\/futbol-mexicano\/hugo-sanchez-no-sabe-que-liga-juega-atlante\/2017\/11","title":{"rendered":"\u00a1Hugo S\u00e1nchez no sabe en qu\u00e9 Liga juega el Atlante!"},"content":{"rendered":"<p><strong>POR: STAFF FT<\/strong><\/p>\n<p>Parece que la eliminaci\u00f3n de las <strong>Chivas<\/strong> en los Cuartos de Final de la Copa MX sorprendi\u00f3 a algunos analistas deportivos, como pas\u00f3 con el ex astro <strong>Hugo S\u00e1nchez<\/strong>, quien demostr\u00f3 cierto desconocimiento sobre las categor\u00edas del futbol mexicano, particularmente la Liga en la que juega el <strong>Atlante<\/strong>.<\/p>\n<p>Durante la emisi\u00f3n nocturna del show Futbol Picante de ESPN, el <em><strong>Pentapichichi<\/strong><\/em> realiz\u00f3 una fuerte cr\u00edtica contra el <strong>Reba\u00f1o<\/strong> por su ca\u00edda en penaltis ante los <strong>Potros<\/strong>, para lo que record\u00f3 en qu\u00e9 divisi\u00f3n juega el equipo atlantista.<\/p>\n<p style=\"text-align: center;\"><a href=\"https:\/\/www.futboltotal.com.mx\/futbol-mexicano\/liga-mx\/pedro-caixinha-en-la-orbita-pumas-cruz-azul-chivas\/2017\/11\" target=\"_blank\" rel=\"noopener\"><span style=\"color: #333399;\">VER M\u00c1S: Pedro Caixinha, en la \u00f3rbita de Pumas, Cruz Azul y Chivas<\/span><\/a><\/p>\n<p>Sin embargo, <em><strong>Hugol<\/strong><\/em> no contaba con la imprecisi\u00f3n que tuvo al asegurar en m\u00e1s de una ocasi\u00f3n que el Atlante juega en la <strong>Liga Premier,<\/strong> a lo que <strong>Jos\u00e9 Ram\u00f3n Fern\u00e1ndez<\/strong> y <strong>David Faitelson<\/strong> intentaron corregirlo en m\u00e1s de una ocasi\u00f3n, pero el pol\u00e9mico ex jugador y entrenador no permit\u00eda que lo interrumpieran.<\/p>\n<p>Fue ah\u00ed cuando <strong>Roberto G\u00f3mez Junco<\/strong> tambi\u00e9n le hizo ver su error, pues Hugo segu\u00eda diciendo que el Atlante es un equipo de Liga Premier, para \u00e9l la <strong>Segunda Divisi\u00f3n<\/strong> mexicana y no el <strong>Ascenso MX<\/strong>.<\/p>\n<p>Tienen que ver la cara de G\u00f3mez Junco cuando Hugo finalmente acept\u00f3 su error y pidi\u00f3 disculpas.<\/p>\n<p><iframe loading=\"lazy\" src=\"https:\/\/www.youtube.com\/embed\/xVUPtKesTLc\" frameborder=\"0\" allowfullscreen=\"allowfullscreen\"><\/iframe><\/p>\n","protected":false},"excerpt":{"rendered":"<p>El Pentapichichi sufri\u00f3 una confusi\u00f3n al hablar de los Potros de Hierro.<\/p>\n","protected":false},"author":154,"featured_media":480230,"comment_status":"closed","ping_status":"closed","sticky":false,"template":"","format":"standard","meta":[],"categories":[5419,4247,2198],"tags":[432,5960,70,285,448,5957],"_links":{"self":[{"href":"http:\/\/desarrollo.grupomedios.com\/futbol\/wp-json\/wp\/v2\/posts\/507613"}],"collection":[{"href":"http:\/\/desarrollo.grupomedios.com\/futbol\/wp-json\/wp\/v2\/posts"}],"about":[{"href":"http:\/\/desarrollo.grupomedios.com\/futbol\/wp-json\/wp\/v2\/types\/post"}],"author":[{"embeddable":true,"href":"http:\/\/desarrollo.grupomedios.com\/futbol\/wp-json\/wp\/v2\/users\/154"}],"replies":[{"embeddable":true,"href":"http:\/\/desarrollo.grupomedios.com\/futbol\/wp-json\/wp\/v2\/comments?post=507613"}],"version-history":[{"count":1,"href":"http:\/\/desarrollo.grupomedios.com\/futbol\/wp-json\/wp\/v2\/posts\/507613\/revisions"}],"predecessor-version":[{"id":507618,"href":"http:\/\/desarrollo.grupomedios.com\/futbol\/wp-json\/wp\/v2\/posts\/507613\/revisions\/507618"}],"wp:featuredmedia":[{"embeddable":true,"href":"http:\/\/desarrollo.grupomedios.com\/futbol\/wp-json\/wp\/v2\/media\/480230"}],"wp:attachment":[{"href":"http:\/\/desarrollo.grupomedios.com\/futbol\/wp-json\/wp\/v2\/media?parent=507613"}],"wp:term":[{"taxonomy":"category","embeddable":true,"href":"http:\/\/desarrollo.grupomedios.com\/futbol\/wp-json\/wp\/v2\/categories?post=507613"},{"taxonomy":"post_tag","embeddable":true,"href":"http:\/\/desarrollo.grupomedios.com\/futbol\/wp-json\/wp\/v2\/tags?post=507613"}],"curies":[{"name":"wp","href":"https:\/\/api.w.org\/{rel}","templated":true}]}}