{"id":507630,"date":"2017-11-01T15:12:48","date_gmt":"2017-11-01T21:12:48","guid":{"rendered":"https:\/\/www.futboltotal.com.mx\/?p=507630"},"modified":"2017-11-01T15:37:23","modified_gmt":"2017-11-01T21:37:23","slug":"los-futbolistas-monstruosos-en-halloween","status":"publish","type":"post","link":"http:\/\/desarrollo.grupomedios.com\/futbol\/futbol-mexicano\/los-futbolistas-monstruosos-en-halloween\/2017\/11","title":{"rendered":"Los futbolistas m\u00e1s monstruosos en Halloween"},"content":{"rendered":"<p><strong>POR: STAFF FT<\/strong><\/p>\n<p>Es <strong>noviembre 1.<\/strong> El momento para rendir un homenaje a todos aquellos personajes que <strong>han introducido el miedo<\/strong> en el mundo irreal, pero que parecen ser tan reales.<\/p>\n<p>En el futbol, la oportunidad de pasar un poco de miedo tambi\u00e9n es posible, despu\u00e9s de ver a ciertos futbolistas que quiz\u00e1 te imponen respeto o miedo, independientemente de si son buenos o no jugadores en el campo.<\/p>\n<p>Hay futbolistas que nos recuerdan a personajes de terror o pasajes de miedo, y aqu\u00ed te recordamos algunos de esos jugadores que quiz\u00e1 no te quieras encontrar frente a frente en una cancha de futbol.<\/p>\n<p><strong>\u00bfTIENES MIEDO?<\/strong><\/p>\n<p><script type=\"text\/javascript\" src=\"\/\/cdn.playbuzz.com\/widget\/feed.js\"><\/script><\/p>\n<div class=\"pb_feed\" data-embed-by=\"d43f3879-83ed-40bc-99d7-fde80605466f\" data-item=\"aa6d4a33-bb9b-4fd5-b095-10231902f934\" data-version=\"2\"><\/div>\n","protected":false},"excerpt":{"rendered":"<p>El terror que han impuesto dentro y fuera del campo estos jugadores<\/p>\n","protected":false},"author":160,"featured_media":507637,"comment_status":"closed","ping_status":"closed","sticky":false,"template":"","format":"standard","meta":[],"categories":[7570,2198,3845],"tags":[1741,367,3286,6423,5995,62,5997,11006],"_links":{"self":[{"href":"http:\/\/desarrollo.grupomedios.com\/futbol\/wp-json\/wp\/v2\/posts\/507630"}],"collection":[{"href":"http:\/\/desarrollo.grupomedios.com\/futbol\/wp-json\/wp\/v2\/posts"}],"about":[{"href":"http:\/\/desarrollo.grupomedios.com\/futbol\/wp-json\/wp\/v2\/types\/post"}],"author":[{"embeddable":true,"href":"http:\/\/desarrollo.grupomedios.com\/futbol\/wp-json\/wp\/v2\/users\/160"}],"replies":[{"embeddable":true,"href":"http:\/\/desarrollo.grupomedios.com\/futbol\/wp-json\/wp\/v2\/comments?post=507630"}],"version-history":[{"count":2,"href":"http:\/\/desarrollo.grupomedios.com\/futbol\/wp-json\/wp\/v2\/posts\/507630\/revisions"}],"predecessor-version":[{"id":507639,"href":"http:\/\/desarrollo.grupomedios.com\/futbol\/wp-json\/wp\/v2\/posts\/507630\/revisions\/507639"}],"wp:featuredmedia":[{"embeddable":true,"href":"http:\/\/desarrollo.grupomedios.com\/futbol\/wp-json\/wp\/v2\/media\/507637"}],"wp:attachment":[{"href":"http:\/\/desarrollo.grupomedios.com\/futbol\/wp-json\/wp\/v2\/media?parent=507630"}],"wp:term":[{"taxonomy":"category","embeddable":true,"href":"http:\/\/desarrollo.grupomedios.com\/futbol\/wp-json\/wp\/v2\/categories?post=507630"},{"taxonomy":"post_tag","embeddable":true,"href":"http:\/\/desarrollo.grupomedios.com\/futbol\/wp-json\/wp\/v2\/tags?post=507630"}],"curies":[{"name":"wp","href":"https:\/\/api.w.org\/{rel}","templated":true}]}}