{"id":507636,"date":"2017-11-01T15:28:54","date_gmt":"2017-11-01T21:28:54","guid":{"rendered":"https:\/\/www.futboltotal.com.mx\/?p=507636"},"modified":"2017-11-01T15:28:54","modified_gmt":"2017-11-01T21:28:54","slug":"manchester-united-desea-intercambio-rashford-asensio","status":"publish","type":"post","link":"http:\/\/desarrollo.grupomedios.com\/futbol\/futbol-internacional\/manchester-united-desea-intercambio-rashford-asensio\/2017\/11","title":{"rendered":"Manchester United desea un intercambio Rashford-Asensio"},"content":{"rendered":"<p><strong>POR: STAFF FT<\/strong><\/p>\n<p>El <strong>Real Madrid<\/strong> estar\u00eda pensando muy en serio en hacerse con el juvenil ingl\u00e9s, <strong>Marcus Rashford<\/strong>, tanto as\u00ed que estar\u00edan dispuestos a dejar a uno de sus talentos j\u00f3venes que mayor proyecci\u00f3n tienen, pues el nombre de <strong>Marco Asensio<\/strong> ha comenzado a rondar para un posible intercambio entre ambas instituciones, a lo que <strong>Jos\u00e9 Mourinho<\/strong> ya ha dado el &#8216;s\u00ed&#8217; y ha puesto al espa\u00f1ol como \u00fanica forma para dejar salir a su futbolista.<\/p>\n<p>De acuerdo con el diario brit\u00e1nico, Daily Star, el presidente y estratega,\u00a0<strong>Florentino P\u00e9rez y Zinedine Zidane<\/strong> estar\u00edan dispuestos a desprenderse de su estrella para lograr el trato y conseguir al delantero de los <strong>Red Devils<\/strong>. Por otro lado el medio Don Balon indica que el estratega portugu\u00e9s ha impuesto esa condici\u00f3n como \u00fanica para dejar salir al atacante, por encima de los rumores que colocaban a\u00a0<strong>Gareth Bale<\/strong> como su predilecto.<\/p>\n<p style=\"text-align: center;\"><a href=\"https:\/\/www.futboltotal.com.mx\/futbol-internacional\/liga-de-inglaterra\/arsenal-insiste-ya-hizo-la-oferta-30-mde-chucky-lozano\/2017\/11\">VER M\u00c1S: Arsenal insiste, ya hizo oferta de 30 mde por Chucky Lozano<\/a><\/p>\n<p>Asensio, de 21 a\u00f1os, hab\u00eda entrado a la \u00e9lite del futbol y parec\u00eda ser una de las estrellas merengues para la presente temporada, sin embargo en la actual temporada ha sido relegado a un segundo plano, pues Zidane no lo ha considerado entre los titulares de <strong>LaLiga<\/strong> y no lo ha hecho ni siquiera uno de los cambios recurrentes en el equipo que, adem\u00e1s est\u00e1 viviendo momentos complicados. Por el momento el entorno del futbolista no ha mostrado inter\u00e9s de abandonar a los blancos.<\/p>\n<p>Por \u00faltimo, Diario Gol, manifiesta que en las conversaciones que han sostenido varias partes, Mourinho dijo\u00a0<strong>&#8220;si me das a Marco Asensio te vendo a Marcus Rashford&#8221;<\/strong>. El valor de ambos futbolistas ronda por los<strong> 30 millones de euros<\/strong>, pero ser\u00eda en las cl\u00e1usulas de rescisi\u00f3n donde se encontrar\u00edan diferencias sustanciales, por lo que el precio no ser\u00eda el mismo para sus salidas y habr\u00eda que hacer ajustes en caso de llevarse a cabo el trueque.<\/p>\n<p style=\"text-align: center;\"><a href=\"https:\/\/www.futboltotal.com.mx\/futbol-internacional\/fc-barcelona-arsenal-en-disputa-por-futbolista-frances\/2017\/11\">VER M\u00c1S: FC Barcelona y Arsenal, en disputa por futbolista franc\u00e9s<\/a><\/p>\n","protected":false},"excerpt":{"rendered":"<p>Jos\u00e9 Mourinho ya habr\u00eda dado el s\u00ed para el trueque<\/p>\n","protected":false},"author":159,"featured_media":507642,"comment_status":"closed","ping_status":"closed","sticky":false,"template":"","format":"standard","meta":[],"categories":[7740,3839,3844],"tags":[43,6116,8474,5988],"_links":{"self":[{"href":"http:\/\/desarrollo.grupomedios.com\/futbol\/wp-json\/wp\/v2\/posts\/507636"}],"collection":[{"href":"http:\/\/desarrollo.grupomedios.com\/futbol\/wp-json\/wp\/v2\/posts"}],"about":[{"href":"http:\/\/desarrollo.grupomedios.com\/futbol\/wp-json\/wp\/v2\/types\/post"}],"author":[{"embeddable":true,"href":"http:\/\/desarrollo.grupomedios.com\/futbol\/wp-json\/wp\/v2\/users\/159"}],"replies":[{"embeddable":true,"href":"http:\/\/desarrollo.grupomedios.com\/futbol\/wp-json\/wp\/v2\/comments?post=507636"}],"version-history":[{"count":1,"href":"http:\/\/desarrollo.grupomedios.com\/futbol\/wp-json\/wp\/v2\/posts\/507636\/revisions"}],"predecessor-version":[{"id":507643,"href":"http:\/\/desarrollo.grupomedios.com\/futbol\/wp-json\/wp\/v2\/posts\/507636\/revisions\/507643"}],"wp:featuredmedia":[{"embeddable":true,"href":"http:\/\/desarrollo.grupomedios.com\/futbol\/wp-json\/wp\/v2\/media\/507642"}],"wp:attachment":[{"href":"http:\/\/desarrollo.grupomedios.com\/futbol\/wp-json\/wp\/v2\/media?parent=507636"}],"wp:term":[{"taxonomy":"category","embeddable":true,"href":"http:\/\/desarrollo.grupomedios.com\/futbol\/wp-json\/wp\/v2\/categories?post=507636"},{"taxonomy":"post_tag","embeddable":true,"href":"http:\/\/desarrollo.grupomedios.com\/futbol\/wp-json\/wp\/v2\/tags?post=507636"}],"curies":[{"name":"wp","href":"https:\/\/api.w.org\/{rel}","templated":true}]}}