{"id":507652,"date":"2017-11-01T10:00:04","date_gmt":"2017-11-01T16:00:04","guid":{"rendered":"https:\/\/www.futboltotal.com.mx\/?p=507652"},"modified":"2017-11-01T23:36:44","modified_gmt":"2017-11-02T05:36:44","slug":"club-america-vs-queretaro-fc-copa-mx-2017-en-vivo-minuto-a-minuto","status":"publish","type":"post","link":"http:\/\/desarrollo.grupomedios.com\/futbol\/futbol-mexicano\/club-america-vs-queretaro-fc-copa-mx-2017-en-vivo-minuto-a-minuto\/2017\/11","title":{"rendered":"Club Am\u00e9rica vs Quer\u00e9taro FC | Copa MX 2017 | EN VIVO: Minuto a minuto"},"content":{"rendered":"<p>Las \u00c1guilas del Am\u00e9rica reciben la visita de los Gallos Blancos de Quer\u00e9taro en juego de los cuartos de final de la Copa MX.<\/p>\n<div><iframe src=\"https:\/\/en-vivo.futboltotal.com.mx\/embed.php\/?id=396\" width=\"100%\" id=\"frame_minuto\"><\/iframe><\/div>\n<p>El club americanista logr\u00f3 su pase despu\u00e9s de una apretada victoria 1-0 sobre la M\u00e1quina de Cruz Azul.<\/p>\n<p>El cuadro queretano sell\u00f3 su pase despu\u00e9s de lograr un triunfo en casa de los Esmeraldas de Le\u00f3n, que fue el primer juego de Luis Fernando Tena como entrenador de Gallos.<\/p>\n<p><strong>\u00a1NO TE PIERDAS EL JUEGO DE AM\u00c9RICA CONTRA QUER\u00c9TARO DE LOS CUARTOS DE FINAL DE LA COPA MX!<\/strong><\/p>\n","protected":false},"excerpt":{"rendered":"<p>Las \u00c1guilas reciben la visita de los Gallos Blancos<\/p>\n","protected":false},"author":160,"featured_media":507653,"comment_status":"closed","ping_status":"closed","sticky":false,"template":"","format":"standard","meta":[],"categories":[4247,2198,3845],"tags":[5959,285,482,5970],"_links":{"self":[{"href":"http:\/\/desarrollo.grupomedios.com\/futbol\/wp-json\/wp\/v2\/posts\/507652"}],"collection":[{"href":"http:\/\/desarrollo.grupomedios.com\/futbol\/wp-json\/wp\/v2\/posts"}],"about":[{"href":"http:\/\/desarrollo.grupomedios.com\/futbol\/wp-json\/wp\/v2\/types\/post"}],"author":[{"embeddable":true,"href":"http:\/\/desarrollo.grupomedios.com\/futbol\/wp-json\/wp\/v2\/users\/160"}],"replies":[{"embeddable":true,"href":"http:\/\/desarrollo.grupomedios.com\/futbol\/wp-json\/wp\/v2\/comments?post=507652"}],"version-history":[{"count":1,"href":"http:\/\/desarrollo.grupomedios.com\/futbol\/wp-json\/wp\/v2\/posts\/507652\/revisions"}],"predecessor-version":[{"id":507654,"href":"http:\/\/desarrollo.grupomedios.com\/futbol\/wp-json\/wp\/v2\/posts\/507652\/revisions\/507654"}],"wp:featuredmedia":[{"embeddable":true,"href":"http:\/\/desarrollo.grupomedios.com\/futbol\/wp-json\/wp\/v2\/media\/507653"}],"wp:attachment":[{"href":"http:\/\/desarrollo.grupomedios.com\/futbol\/wp-json\/wp\/v2\/media?parent=507652"}],"wp:term":[{"taxonomy":"category","embeddable":true,"href":"http:\/\/desarrollo.grupomedios.com\/futbol\/wp-json\/wp\/v2\/categories?post=507652"},{"taxonomy":"post_tag","embeddable":true,"href":"http:\/\/desarrollo.grupomedios.com\/futbol\/wp-json\/wp\/v2\/tags?post=507652"}],"curies":[{"name":"wp","href":"https:\/\/api.w.org\/{rel}","templated":true}]}}