{"id":507674,"date":"2017-11-01T17:16:08","date_gmt":"2017-11-01T23:16:08","guid":{"rendered":"https:\/\/www.futboltotal.com.mx\/?p=507674"},"modified":"2017-11-01T17:18:25","modified_gmt":"2017-11-01T23:18:25","slug":"messi-reta-a-futbolista-tras-una-falta-nos-vemos-afuera","status":"publish","type":"post","link":"http:\/\/desarrollo.grupomedios.com\/futbol\/videos\/messi-reta-a-futbolista-tras-una-falta-nos-vemos-afuera\/2017\/11","title":{"rendered":"Messi reta a futbolista tras una falta: &#8220;Nos vemos afuera&#8221;"},"content":{"rendered":"<p><strong>POR: STAFF FT<\/strong><\/p>\n<p>El delantero argentino <strong>Lionel Messi<\/strong> no tuvo una de sus mejores tardes cuando el <strong>Barcelona<\/strong> apenas empatara sin goles en su visita al campo de <strong>Olympiacos<\/strong>.<\/p>\n<p>Tuvo algunas oportunidades de gol durante el encuentro, pero no logr\u00f3 hacerse presente en el marcador en el juego de la fase de grupos de la <strong>Champions League<\/strong>.<\/p>\n<p style=\"text-align: center;\"><strong><a href=\"https:\/\/www.futboltotal.com.mx\/cambio-de-juego\/la-calavera-visito-a-chicharito-marquez-pumas-cristiano-messi\/2017\/11\">VER M\u00c1S:\u00a0<span class=\"item-title\">La calavera visit\u00f3 a Chicharito, M\u00e1rquez, Pumas, Cristiano y Messi<\/span><\/a><\/strong><\/p>\n<p>Messi tuvo un par de encuentros inc\u00f3modos con defensores del equipo griego; sin embargo con quien de verdad se molest\u00f3 fue con <strong>Alberto Botia<\/strong>, zaguero espa\u00f1ol del Olympiacos.<\/p>\n<p>El defensa espa\u00f1ol le hizo una falta dura en el minuto 43,\u00a0 y fue una situaci\u00f3n que sac\u00f3 de quicio al delantero blaugrana, quien volte\u00f3, y pese a la disculpa del zaguero, el argentino no la acept\u00f3 y le dijo lo siguiente: &#8220;no, ahora eso no vale. Antes la primera y ahora la segunda. Luego vienes al vestuario. Despu\u00e9s me lo dices fuera&#8221;.<\/p>\n<p><iframe loading=\"lazy\" src=\"https:\/\/www.youtube.com\/embed\/0wmLECyxrfc\" frameborder=\"0\" allowfullscreen=\"allowfullscreen\"><\/iframe><\/p>\n","protected":false},"excerpt":{"rendered":"<p>El delantero argentino ret\u00f3 al defensor del Olympiacos<\/p>\n","protected":false},"author":160,"featured_media":507675,"comment_status":"closed","ping_status":"closed","sticky":false,"template":"","format":"standard","meta":[],"categories":[3841,3839,4],"tags":[11012,5984,6012,6091],"_links":{"self":[{"href":"http:\/\/desarrollo.grupomedios.com\/futbol\/wp-json\/wp\/v2\/posts\/507674"}],"collection":[{"href":"http:\/\/desarrollo.grupomedios.com\/futbol\/wp-json\/wp\/v2\/posts"}],"about":[{"href":"http:\/\/desarrollo.grupomedios.com\/futbol\/wp-json\/wp\/v2\/types\/post"}],"author":[{"embeddable":true,"href":"http:\/\/desarrollo.grupomedios.com\/futbol\/wp-json\/wp\/v2\/users\/160"}],"replies":[{"embeddable":true,"href":"http:\/\/desarrollo.grupomedios.com\/futbol\/wp-json\/wp\/v2\/comments?post=507674"}],"version-history":[{"count":2,"href":"http:\/\/desarrollo.grupomedios.com\/futbol\/wp-json\/wp\/v2\/posts\/507674\/revisions"}],"predecessor-version":[{"id":507679,"href":"http:\/\/desarrollo.grupomedios.com\/futbol\/wp-json\/wp\/v2\/posts\/507674\/revisions\/507679"}],"wp:featuredmedia":[{"embeddable":true,"href":"http:\/\/desarrollo.grupomedios.com\/futbol\/wp-json\/wp\/v2\/media\/507675"}],"wp:attachment":[{"href":"http:\/\/desarrollo.grupomedios.com\/futbol\/wp-json\/wp\/v2\/media?parent=507674"}],"wp:term":[{"taxonomy":"category","embeddable":true,"href":"http:\/\/desarrollo.grupomedios.com\/futbol\/wp-json\/wp\/v2\/categories?post=507674"},{"taxonomy":"post_tag","embeddable":true,"href":"http:\/\/desarrollo.grupomedios.com\/futbol\/wp-json\/wp\/v2\/tags?post=507674"}],"curies":[{"name":"wp","href":"https:\/\/api.w.org\/{rel}","templated":true}]}}