{"id":507720,"date":"2017-11-02T08:35:24","date_gmt":"2017-11-02T14:35:24","guid":{"rendered":"https:\/\/www.futboltotal.com.mx\/?p=507720"},"modified":"2017-11-02T08:35:24","modified_gmt":"2017-11-02T14:35:24","slug":"la-emotiva-carta-bielsa-a-gignac-donde-explica-lo-respeta","status":"publish","type":"post","link":"http:\/\/desarrollo.grupomedios.com\/futbol\/futbol-internacional\/la-emotiva-carta-bielsa-a-gignac-donde-explica-lo-respeta\/2017\/11","title":{"rendered":"La emotiva carta de Bielsa a Gignac donde explica por qu\u00e9 lo respeta"},"content":{"rendered":"<p>Durante su etapa con el <strong>Olympique de Marsella<\/strong>, <strong>Andr\u00e9-Pierre Gignac<\/strong> vivi\u00f3 una de sus mejores etapas como futbolista bajo las \u00f3rdenes del entrenador argentino, <strong>Marcelo Bielsa<\/strong>.<\/p>\n<p><strong>El Loco<\/strong> ha considerado que el atacante franc\u00e9s lo hizo un mejor entrenador, pues <em>D\u00e9d\u00e9<\/em> baj\u00f3 seis kilos aconsejado por el argentino y anot\u00f3 21 goles en la Temporada 2014-2015, una de las mejores del franc\u00e9s en Europa, solo por debajo de los 24 goles que realiz\u00f3 con el<strong> Toulouse<\/strong> en el 2008-2009.<\/p>\n<p>A trav\u00e9s de una emotiva carta mostrada por<em> Int\u00e9rieur Sport, de Canal Plus Francia<\/em>, en un documental que realizaron sobre el atacante, Bielsa comienza contando con una frase que dice \u201cpor qu\u00e9 respeto a <strong>Andr\u00e9-Pierre Gignac<\/strong>\u201d.<\/p>\n<p style=\"text-align: center;\"><span style=\"color: #3366ff;\"><a href=\"https:\/\/www.futboltotal.com.mx\/futbol-mexicano\/liga-mx\/mohamed-revela-osorio-convoco-a-jugadores-rayados\/2017\/11\">VER M\u00c1S: Mohamed revela que Osorio convoc\u00f3 a jugadores de Rayados<\/a><\/span><\/p>\n<p>\u201cEs invencible, no porque nunca lo superen sino porque jam\u00e1s se rinde. Su mente asume cada desaf\u00edo que se presenta. Deja en el campo la energ\u00eda que posee considerando al equipo por encima de \u00e9l. Contagia, transmite, vibra, emociona al hincha y se apasiona al hacerlo. Es un amateur, aunque se comporte como profesional. Rechaza las excusas y justificaciones. Se enfrenta a la realidad sabiendo que no podr\u00e1 superarla si primero no la conoce\u201d<\/p>\n<p>\u201cEn Marsella, convivimos un a\u00f1o y eso me hizo mejor entrenador. Se le parece a la ciudad y el Olympique se lo reconoce y lo quiere. Son de la misma raza. Convierten la rebeld\u00eda en grandeza. Con gratitud hacia Dede, Marcelo Bielsa\u201d, expres\u00f3.<\/p>\n<p style=\"text-align: center;\"><span style=\"color: #3366ff;\"><a href=\"https:\/\/www.futboltotal.com.mx\/futbol-mexicano\/liga-mx\/la-terrible-lesion-oscar-ustari-en-atlas-vs-tigres\/2017\/11\">VER M\u00c1S: La terrible lesi\u00f3n de Oscar Ustari en el Atlas vs Tigres<\/a><\/span><\/p>\n<blockquote class=\"twitter-video\" data-lang=\"es\">\n<p dir=\"ltr\" lang=\"fr\">&#x1f499; FRISSONS GARANTIS &#x1f499;<\/p>\n<p>La vibrante lettre de Marcelo Bielsa \u00e0 D\u00e9d\u00e9 Gignac <a href=\"https:\/\/twitter.com\/10APG?ref_src=twsrc%5Etfw\">@10APG<\/a> &#x1f4af;<\/p>\n<p>&#x1f4fa; Int\u00e9rieur Sport<a href=\"https:\/\/twitter.com\/hashtag\/ElBomboro?src=hash&amp;ref_src=twsrc%5Etfw\">#ElBomboro<\/a> <a href=\"https:\/\/twitter.com\/hashtag\/TeamOM?src=hash&amp;ref_src=twsrc%5Etfw\">#TeamOM<\/a> &#x1f535;\u26aa\ufe0f <a href=\"https:\/\/t.co\/6Sgt2a9Jpn\">pic.twitter.com\/6Sgt2a9Jpn<\/a><\/p>\n<p>\u2014 #TeamOM Officiel (@TeamOM_Officiel) <a href=\"https:\/\/twitter.com\/TeamOM_Officiel\/status\/925818734429851649?ref_src=twsrc%5Etfw\">1 de noviembre de 2017<\/a><\/p><\/blockquote>\n<p><script async src=\"https:\/\/platform.twitter.com\/widgets.js\" charset=\"utf-8\"><\/script><\/p>\n","protected":false},"excerpt":{"rendered":"<p>El Loco puso a Gignac en su mejor momento con el Marsella.<\/p>\n","protected":false},"author":129,"featured_media":507721,"comment_status":"closed","ping_status":"closed","sticky":false,"template":"","format":"standard","meta":[],"categories":[3839,9609],"tags":[5564,5879,5430,408,11017,1173,7469,5973],"_links":{"self":[{"href":"http:\/\/desarrollo.grupomedios.com\/futbol\/wp-json\/wp\/v2\/posts\/507720"}],"collection":[{"href":"http:\/\/desarrollo.grupomedios.com\/futbol\/wp-json\/wp\/v2\/posts"}],"about":[{"href":"http:\/\/desarrollo.grupomedios.com\/futbol\/wp-json\/wp\/v2\/types\/post"}],"author":[{"embeddable":true,"href":"http:\/\/desarrollo.grupomedios.com\/futbol\/wp-json\/wp\/v2\/users\/129"}],"replies":[{"embeddable":true,"href":"http:\/\/desarrollo.grupomedios.com\/futbol\/wp-json\/wp\/v2\/comments?post=507720"}],"version-history":[{"count":1,"href":"http:\/\/desarrollo.grupomedios.com\/futbol\/wp-json\/wp\/v2\/posts\/507720\/revisions"}],"predecessor-version":[{"id":507722,"href":"http:\/\/desarrollo.grupomedios.com\/futbol\/wp-json\/wp\/v2\/posts\/507720\/revisions\/507722"}],"wp:featuredmedia":[{"embeddable":true,"href":"http:\/\/desarrollo.grupomedios.com\/futbol\/wp-json\/wp\/v2\/media\/507721"}],"wp:attachment":[{"href":"http:\/\/desarrollo.grupomedios.com\/futbol\/wp-json\/wp\/v2\/media?parent=507720"}],"wp:term":[{"taxonomy":"category","embeddable":true,"href":"http:\/\/desarrollo.grupomedios.com\/futbol\/wp-json\/wp\/v2\/categories?post=507720"},{"taxonomy":"post_tag","embeddable":true,"href":"http:\/\/desarrollo.grupomedios.com\/futbol\/wp-json\/wp\/v2\/tags?post=507720"}],"curies":[{"name":"wp","href":"https:\/\/api.w.org\/{rel}","templated":true}]}}