{"id":507727,"date":"2017-11-02T09:22:49","date_gmt":"2017-11-02T15:22:49","guid":{"rendered":"https:\/\/www.futboltotal.com.mx\/?p=507727"},"modified":"2017-11-02T09:22:49","modified_gmt":"2017-11-02T15:22:49","slug":"paco-jemez-renovaria-cruz-azul-regresar-a-espana","status":"publish","type":"post","link":"http:\/\/desarrollo.grupomedios.com\/futbol\/destacado-home\/paco-jemez-renovaria-cruz-azul-regresar-a-espana\/2017\/11","title":{"rendered":"Paco J\u00e9mez no renovar\u00eda con Cruz Azul para regresar a Espa\u00f1a"},"content":{"rendered":"<p><strong>Por: R\u00e9cord<\/strong><\/p>\n<p>Con todav\u00eda posibilidades de clasificar a la<strong> Liguilla<\/strong>, el pr\u00f3ximo mes de diciembre, <strong>Paco J\u00e9mez<\/strong> cumplir\u00e1 su contrato que lo vincula un a\u00f1o con<strong> Cruz Azul<\/strong> y parece que la renovaci\u00f3n no est\u00e1 en los planes del entrenador.<\/p>\n<p>Seg\u00fan informa el <em>diario R\u00e9cord<\/em>, el t\u00e9cnico espa\u00f1ol no se encuentra convencido de continuar en la instituci\u00f3n sin importar lo que pase en lo que resta de la temporada, aunque la directiva cementera no descartar\u00eda darle continuidad.<\/p>\n<p>Sin embargo, aseguran que el estratega ya no est\u00e1 contento, algo que para \u00e9l es indispensable de acuerdo con las palabras que mencion\u00f3 el d\u00eda que lo presentaron.<\/p>\n<p style=\"text-align: center;\"><span style=\"color: #3366ff;\"><a href=\"https:\/\/www.futboltotal.com.mx\/futbol-mexicano\/liga-mx\/matias-almeyda-suena-regresar-a-river-plate-club-sus-amores\/2017\/11\">VER M\u00c1S: Mat\u00edas Almeyda suena para regresar a River Plate, club de sus amores<\/a><\/span><\/p>\n<p>\u201cParece que no hemos salido de Espa\u00f1a por el buen trato que hemos recibido desde que hemos llegado.<\/p>\n<p>\u201cYo soy una persona que necesito sentirme as\u00ed para poder trabajar, para poder dar lo mejor de m\u00ed mismo, tengo muy buenas sensaciones porque me encuentro a gusto y cuando estoy a gusto creo que todo fluye y todo sale mejor\u201d, expuso el estratega en la conferencia de prensa cuando fue presentado, en diciembre del a\u00f1o pasado.<\/p>\n<p><img decoding=\"async\" loading=\"lazy\" class=\"alignnone size-full wp-image-506304\" src=\"https:\/\/www.futboltotal.com.mx\/wp-content\/uploads\/2017\/10\/billy-alvarez-regano-paco-jemez.jpg\" alt=\"Paco J\u00e9mez no renovar\u00eda con Cruz Azul para regresar a Espa\u00f1a 0\" srcset=\"http:\/\/desarrollo.grupomedios.com\/futbol\/wp-content\/uploads\/2017\/10\/billy-alvarez-regano-paco-jemez.jpg 1136w, http:\/\/desarrollo.grupomedios.com\/futbol\/wp-content\/uploads\/2017\/10\/billy-alvarez-regano-paco-jemez-300x169.jpg 300w, http:\/\/desarrollo.grupomedios.com\/futbol\/wp-content\/uploads\/2017\/10\/billy-alvarez-regano-paco-jemez-768x432.jpg 768w, http:\/\/desarrollo.grupomedios.com\/futbol\/wp-content\/uploads\/2017\/10\/billy-alvarez-regano-paco-jemez-1024x576.jpg 1024w, http:\/\/desarrollo.grupomedios.com\/futbol\/wp-content\/uploads\/2017\/10\/billy-alvarez-regano-paco-jemez-393x221.jpg 393w\" sizes=\"(max-width: 1136px) 100vw, 1136px\" \/><\/p>\n<p>En Cruz Azul ven bien a secas el desempe\u00f1o de J\u00e9mez, incluso no est\u00e1n buscando todav\u00eda un sustituto ya que esperan a que el panorama tenga mayor claridad y aunque ya han tocado el tema de la renovaci\u00f3n, el timonel cementero no quiere precipitarse con su decisi\u00f3n.<\/p>\n<p>Otro tema que narr\u00f3 el informante y que tambi\u00e9n podr\u00eda influir en su decisi\u00f3n es el de la familia, ya que su esposa e hijas radican en<strong> Espa\u00f1a<\/strong> y aunque tratan de venir constantemente a nuestro pa\u00eds, el estratega desea pasar m\u00e1s tiempo con ellas, por lo que su decisi\u00f3n se vuelve a\u00fan m\u00e1s complicada.<\/p>\n","protected":false},"excerpt":{"rendered":"<p>El espa\u00f1ol no se encuentra satisfecho en M\u00e9xico.<\/p>\n","protected":false},"author":129,"featured_media":507362,"comment_status":"closed","ping_status":"closed","sticky":false,"template":"","format":"standard","meta":[],"categories":[5,2198,3845],"tags":[5962,253,3883,64,7053],"_links":{"self":[{"href":"http:\/\/desarrollo.grupomedios.com\/futbol\/wp-json\/wp\/v2\/posts\/507727"}],"collection":[{"href":"http:\/\/desarrollo.grupomedios.com\/futbol\/wp-json\/wp\/v2\/posts"}],"about":[{"href":"http:\/\/desarrollo.grupomedios.com\/futbol\/wp-json\/wp\/v2\/types\/post"}],"author":[{"embeddable":true,"href":"http:\/\/desarrollo.grupomedios.com\/futbol\/wp-json\/wp\/v2\/users\/129"}],"replies":[{"embeddable":true,"href":"http:\/\/desarrollo.grupomedios.com\/futbol\/wp-json\/wp\/v2\/comments?post=507727"}],"version-history":[{"count":1,"href":"http:\/\/desarrollo.grupomedios.com\/futbol\/wp-json\/wp\/v2\/posts\/507727\/revisions"}],"predecessor-version":[{"id":507733,"href":"http:\/\/desarrollo.grupomedios.com\/futbol\/wp-json\/wp\/v2\/posts\/507727\/revisions\/507733"}],"wp:featuredmedia":[{"embeddable":true,"href":"http:\/\/desarrollo.grupomedios.com\/futbol\/wp-json\/wp\/v2\/media\/507362"}],"wp:attachment":[{"href":"http:\/\/desarrollo.grupomedios.com\/futbol\/wp-json\/wp\/v2\/media?parent=507727"}],"wp:term":[{"taxonomy":"category","embeddable":true,"href":"http:\/\/desarrollo.grupomedios.com\/futbol\/wp-json\/wp\/v2\/categories?post=507727"},{"taxonomy":"post_tag","embeddable":true,"href":"http:\/\/desarrollo.grupomedios.com\/futbol\/wp-json\/wp\/v2\/tags?post=507727"}],"curies":[{"name":"wp","href":"https:\/\/api.w.org\/{rel}","templated":true}]}}