{"id":507728,"date":"2017-11-02T09:13:15","date_gmt":"2017-11-02T15:13:15","guid":{"rendered":"https:\/\/www.futboltotal.com.mx\/?p=507728"},"modified":"2017-11-02T09:52:17","modified_gmt":"2017-11-02T15:52:17","slug":"los-renacidos-del-futbol-muertos-volvieron-a-la-vida","status":"publish","type":"post","link":"http:\/\/desarrollo.grupomedios.com\/futbol\/destacado-home\/los-renacidos-del-futbol-muertos-volvieron-a-la-vida\/2017\/11","title":{"rendered":"Los renacidos del futbol: Muertos que volvieron a la vida"},"content":{"rendered":"<p>Muchos <strong>futbolistas<\/strong> del panorama nacional e internacional se hab\u00edan perdido o no estaban en lo m\u00e1s alto, sin embargo, por alguna raz\u00f3n para esta campa\u00f1a han tomado una <strong>nueva relevancia<\/strong> que llama la atenci\u00f3n, pues muchos de ellos parec\u00edan haber llegado a un declive.<\/p>\n<p>Ahora muchos de ellos son reconocidos por su reciente paso<strong> goleador<\/strong>, o sus apariciones en selecciones nacionales, adem\u00e1s de haber tomado un equipo en el que son estelares. Al mas puro estilo de una<strong> resurrecci\u00f3n<\/strong>, estos futbolistas<strong> regresaron a la vida<\/strong> y lograron volverse a poner en la mira de todos, ahora no se sabe hasta d\u00f3nde vaya a parar este crecimiento y nueva vida que han tomado.<\/p>\n<p><script type=\"text\/javascript\" src=\"\/\/cdn.playbuzz.com\/widget\/feed.js\"><\/script><\/p>\n<div class=\"pb_feed\" data-embed-by=\"d43f3879-83ed-40bc-99d7-fde80605466f\" data-item=\"c0bad8da-1f92-4aff-9bc9-52d372653774\" data-version=\"2\"><\/div>\n","protected":false},"excerpt":{"rendered":"<p>Jugadores que parec\u00edan tener una carrera en declive, han regresado a la vida<\/p>\n","protected":false},"author":159,"featured_media":507730,"comment_status":"closed","ping_status":"closed","sticky":false,"template":"","format":"standard","meta":[],"categories":[5,3839],"tags":[4840,5758,284,11005,8041,5952,6073],"_links":{"self":[{"href":"http:\/\/desarrollo.grupomedios.com\/futbol\/wp-json\/wp\/v2\/posts\/507728"}],"collection":[{"href":"http:\/\/desarrollo.grupomedios.com\/futbol\/wp-json\/wp\/v2\/posts"}],"about":[{"href":"http:\/\/desarrollo.grupomedios.com\/futbol\/wp-json\/wp\/v2\/types\/post"}],"author":[{"embeddable":true,"href":"http:\/\/desarrollo.grupomedios.com\/futbol\/wp-json\/wp\/v2\/users\/159"}],"replies":[{"embeddable":true,"href":"http:\/\/desarrollo.grupomedios.com\/futbol\/wp-json\/wp\/v2\/comments?post=507728"}],"version-history":[{"count":1,"href":"http:\/\/desarrollo.grupomedios.com\/futbol\/wp-json\/wp\/v2\/posts\/507728\/revisions"}],"predecessor-version":[{"id":507732,"href":"http:\/\/desarrollo.grupomedios.com\/futbol\/wp-json\/wp\/v2\/posts\/507728\/revisions\/507732"}],"wp:featuredmedia":[{"embeddable":true,"href":"http:\/\/desarrollo.grupomedios.com\/futbol\/wp-json\/wp\/v2\/media\/507730"}],"wp:attachment":[{"href":"http:\/\/desarrollo.grupomedios.com\/futbol\/wp-json\/wp\/v2\/media?parent=507728"}],"wp:term":[{"taxonomy":"category","embeddable":true,"href":"http:\/\/desarrollo.grupomedios.com\/futbol\/wp-json\/wp\/v2\/categories?post=507728"},{"taxonomy":"post_tag","embeddable":true,"href":"http:\/\/desarrollo.grupomedios.com\/futbol\/wp-json\/wp\/v2\/tags?post=507728"}],"curies":[{"name":"wp","href":"https:\/\/api.w.org\/{rel}","templated":true}]}}