{"id":507736,"date":"2017-11-02T10:00:02","date_gmt":"2017-11-02T16:00:02","guid":{"rendered":"https:\/\/www.futboltotal.com.mx\/?p=507736"},"modified":"2017-11-02T10:01:36","modified_gmt":"2017-11-02T16:01:36","slug":"real-madrid-quiere-a-kun-aguero-alexis-sanchez","status":"publish","type":"post","link":"http:\/\/desarrollo.grupomedios.com\/futbol\/futbol-internacional\/real-madrid-quiere-a-kun-aguero-alexis-sanchez\/2017\/11","title":{"rendered":"Real Madrid quiere a Kun Ag\u00fcero o Alexis S\u00e1nchez"},"content":{"rendered":"<p><strong>POR: STAFF FT<\/strong><\/p>\n<p><strong>Real Madrid<\/strong> vendi\u00f3 el pasado semestre a <strong>\u00c1lvaro Morata, Danilo, Mariano<\/strong> y cobraron la cesi\u00f3n de <strong>James Rodr\u00edguez<\/strong>, esto les ha dejado en la caja 130 millones de euros que <strong>Florentino P\u00e9rez<\/strong> no ha gastado y Z<strong>inedine Zidane<\/strong> la ha pedido que fiche un delantero en cuanto antes, pues se da cuenta que est\u00e1 sufriendo de m\u00e1s en esa posici\u00f3n donde solo tiene a Karim Benzema como fijo.<\/p>\n<p>De acuerdo al diario El Confidencial, el sobre cupo de mediocampistas en el equipo se hace m\u00e1s evidente con la falta de delanteros y defensas centrales, pero para el mercado invernal lo que buscar\u00e1n en primera instancia ser\u00e1 un delantero que le pueda otorgar garant\u00edas al equipo merengue y las dos opciones que tienen en mente es<strong> Sergio &#8216;Kun&#8217; Ag\u00fcero del Manchester City y Alexis S\u00e1nchez del Arsenal<\/strong>.<\/p>\n<p style=\"text-align: center;\"><a href=\"https:\/\/www.futboltotal.com.mx\/futbol-internacional\/liga-de-francia-futbol-internacional\/la-emotiva-carta-bielsa-a-gignac-donde-explica-lo-respeta\/2017\/11\" target=\"_blank\" rel=\"noopener\">VER M\u00c1S: La emotiva carta de Marcelo Bielsa a Gignac<\/a><\/p>\n<p>El chileno acaba contrato con el Arsenal en junio, por lo que los<strong> Gunners<\/strong> buscar\u00edan sacarle algo de provecho y estar\u00eda disponible por alrededor de <strong>30 millones de euros<\/strong>, pero todo parece indicar que est\u00e1 apalabrado con<strong> Josep Guardiola<\/strong> para llegar con los Citizens, mientras que el argentino podr\u00edas salir de su club por un monto cercano a los <strong>60 millones de euros<\/strong>, aunado a que es un viejo anhelo de Florentino P\u00e9rez quien siempre lo quiso ver vestido de blanco.<\/p>\n<p>S\u00e1nchez est\u00e1 jugando la <strong>Europa League,<\/strong> por lo que de ficharle, podr\u00eda jugar la <strong>Champions League<\/strong> sin problemas, adem\u00e1s de su precio suena adecuado para poder llevar al ex Barcelona al Santiago Bernab\u00e9u, por su parte, Ag\u00fcero no podr\u00eda jugar el torneo de UEFA con los merengues pues ya ha tenido participaci\u00f3n este semestre con su equipo. Aunque los merengues podr\u00edan costear a los dos con el dinero que tienen, no pueden olvidarse que la llegada de un defensa central tambi\u00e9n es urgente para ellos.<\/p>\n<div style=\"text-align: center;\"><a href=\"https:\/\/www.futboltotal.com.mx\/futbol-internacional\/champions-league\/la-aficion-la-mente-corta-cristiano-ronaldo\/2017\/11\" target=\"_blank\" rel=\"noopener\">VER M\u00c1S: Cristiano Ronaldo la carga contra los aficionados<\/a><\/div>\n<p>&nbsp;<\/p>\n","protected":false},"excerpt":{"rendered":"<p>Los merengues solo cuentan con un &#8216;9&#8217; natural<\/p>\n","protected":false},"author":159,"featured_media":507739,"comment_status":"closed","ping_status":"closed","sticky":false,"template":"","format":"standard","meta":[],"categories":[7740,3839,3844],"tags":[6053,6044,152,11022,5988],"_links":{"self":[{"href":"http:\/\/desarrollo.grupomedios.com\/futbol\/wp-json\/wp\/v2\/posts\/507736"}],"collection":[{"href":"http:\/\/desarrollo.grupomedios.com\/futbol\/wp-json\/wp\/v2\/posts"}],"about":[{"href":"http:\/\/desarrollo.grupomedios.com\/futbol\/wp-json\/wp\/v2\/types\/post"}],"author":[{"embeddable":true,"href":"http:\/\/desarrollo.grupomedios.com\/futbol\/wp-json\/wp\/v2\/users\/159"}],"replies":[{"embeddable":true,"href":"http:\/\/desarrollo.grupomedios.com\/futbol\/wp-json\/wp\/v2\/comments?post=507736"}],"version-history":[{"count":3,"href":"http:\/\/desarrollo.grupomedios.com\/futbol\/wp-json\/wp\/v2\/posts\/507736\/revisions"}],"predecessor-version":[{"id":507746,"href":"http:\/\/desarrollo.grupomedios.com\/futbol\/wp-json\/wp\/v2\/posts\/507736\/revisions\/507746"}],"wp:featuredmedia":[{"embeddable":true,"href":"http:\/\/desarrollo.grupomedios.com\/futbol\/wp-json\/wp\/v2\/media\/507739"}],"wp:attachment":[{"href":"http:\/\/desarrollo.grupomedios.com\/futbol\/wp-json\/wp\/v2\/media?parent=507736"}],"wp:term":[{"taxonomy":"category","embeddable":true,"href":"http:\/\/desarrollo.grupomedios.com\/futbol\/wp-json\/wp\/v2\/categories?post=507736"},{"taxonomy":"post_tag","embeddable":true,"href":"http:\/\/desarrollo.grupomedios.com\/futbol\/wp-json\/wp\/v2\/tags?post=507736"}],"curies":[{"name":"wp","href":"https:\/\/api.w.org\/{rel}","templated":true}]}}