{"id":507755,"date":"2017-11-02T11:07:50","date_gmt":"2017-11-02T17:07:50","guid":{"rendered":"https:\/\/www.futboltotal.com.mx\/?p=507755"},"modified":"2017-11-02T11:07:50","modified_gmt":"2017-11-02T17:07:50","slug":"fc-barcelona-desea-a-dos-jugadores-del-tottenham","status":"publish","type":"post","link":"http:\/\/desarrollo.grupomedios.com\/futbol\/futbol-internacional\/fc-barcelona-desea-a-dos-jugadores-del-tottenham\/2017\/11","title":{"rendered":"FC Barcelona desea a dos jugadores del Tottenham"},"content":{"rendered":"<p><strong>POR: STAFF FT<\/strong><\/p>\n<p>Todo parece indicar que el<strong> FC Barcelona<\/strong> estaba muy atento a lo que suced\u00eda en el Estadio Wembley, pues se han quedado con dos futbolistas que brillaron en la victoria del <strong>Tottenham Hotspur<\/strong> ante el <strong>Real Madrid<\/strong> y es que est\u00e1n pensando en ficharlos, aunque ambos nombres ya hab\u00edan rondado en la agenda blaugrana en recientes ocasiones este juego les ha acabado por convencer.<\/p>\n<p>De acuerdo a Don Balon, no tienen ya ninguna duda que el mediocampista ingl\u00e9s,\u00a0 <strong>Dele Alli<\/strong> encajar\u00eda perfecto con el estilo de juego que tiene <strong>Lionel Messi<\/strong>, quien tambi\u00e9n ya le habr\u00eda dado su visto bueno y sobre todo despu\u00e9s del doblete que le propino a los merengues, sobre todo por su juventud, pues apenas tiene 21 a\u00f1os y se perfila como una de las estrellas a nivel internacional en el futuro.<\/p>\n<p style=\"text-align: center;\"><a href=\"https:\/\/www.futboltotal.com.mx\/futbol-internacional\/liga-de-espana\/real-madrid-quiere-a-kun-aguero-alexis-sanchez\/2017\/11\" target=\"_blank\" rel=\"noopener\">VER M\u00c1S: Real Madrid desea a dos delanteros de la Premier League<\/a><\/p>\n<p>El otro futbolista que ha llamado poderosamente la atenci\u00f3n del los cules, se trata del dan\u00e9s\u00a0<strong>Christian Eriksen<\/strong>, quien tambi\u00e9n lo vislumbra dentro del medio campo como un buen acompa\u00f1ante, pues lo consideran una versi\u00f3n m\u00e1s joven de un <strong>Andr\u00e9s Iniesta<\/strong> o <strong>Iv\u00e1n Rakitic<\/strong>, por lo que quieren que sea uno de los que ocupe el lugar en el centro del campo.<\/p>\n<p>Sin embargo, Dele Alli tambi\u00e9n ha estado en la agenda del Real Madrid y despu\u00e9s de verlo en el duelo de<strong> Champions League<\/strong>, sin duda que preferir\u00e1n tenerlo como aliado, pues como enemigo les encaj\u00f3 dos goles que significaron su derrota. Eso desembocar\u00e1 en una lucha en el pr\u00f3ximo mercado de fichajes o en todo caso hasta el verano para hacerse con el jugador.<\/p>\n<p style=\"text-align: center;\"><a href=\"https:\/\/www.futboltotal.com.mx\/cambio-de-juego\/videjuego-dejara-futbolistas-se-declaren-homosexuales\/2017\/11\" target=\"_blank\" rel=\"noopener\">VER M\u00c1S: Videojuego dejar\u00e1 que futbolistas se declaren homosexuales<\/a><\/p>\n<p>&nbsp;<\/p>\n","protected":false},"excerpt":{"rendered":"<p>Los Blaugranas ya los desean como sus refuerzos <\/p>\n","protected":false},"author":159,"featured_media":507759,"comment_status":"closed","ping_status":"closed","sticky":false,"template":"","format":"standard","meta":[],"categories":[3839,3844],"tags":[5984,6080,6937,7017],"_links":{"self":[{"href":"http:\/\/desarrollo.grupomedios.com\/futbol\/wp-json\/wp\/v2\/posts\/507755"}],"collection":[{"href":"http:\/\/desarrollo.grupomedios.com\/futbol\/wp-json\/wp\/v2\/posts"}],"about":[{"href":"http:\/\/desarrollo.grupomedios.com\/futbol\/wp-json\/wp\/v2\/types\/post"}],"author":[{"embeddable":true,"href":"http:\/\/desarrollo.grupomedios.com\/futbol\/wp-json\/wp\/v2\/users\/159"}],"replies":[{"embeddable":true,"href":"http:\/\/desarrollo.grupomedios.com\/futbol\/wp-json\/wp\/v2\/comments?post=507755"}],"version-history":[{"count":1,"href":"http:\/\/desarrollo.grupomedios.com\/futbol\/wp-json\/wp\/v2\/posts\/507755\/revisions"}],"predecessor-version":[{"id":507760,"href":"http:\/\/desarrollo.grupomedios.com\/futbol\/wp-json\/wp\/v2\/posts\/507755\/revisions\/507760"}],"wp:featuredmedia":[{"embeddable":true,"href":"http:\/\/desarrollo.grupomedios.com\/futbol\/wp-json\/wp\/v2\/media\/507759"}],"wp:attachment":[{"href":"http:\/\/desarrollo.grupomedios.com\/futbol\/wp-json\/wp\/v2\/media?parent=507755"}],"wp:term":[{"taxonomy":"category","embeddable":true,"href":"http:\/\/desarrollo.grupomedios.com\/futbol\/wp-json\/wp\/v2\/categories?post=507755"},{"taxonomy":"post_tag","embeddable":true,"href":"http:\/\/desarrollo.grupomedios.com\/futbol\/wp-json\/wp\/v2\/tags?post=507755"}],"curies":[{"name":"wp","href":"https:\/\/api.w.org\/{rel}","templated":true}]}}