{"id":507764,"date":"2017-11-02T12:14:30","date_gmt":"2017-11-02T18:14:30","guid":{"rendered":"https:\/\/www.futboltotal.com.mx\/?p=507764"},"modified":"2017-11-02T12:54:33","modified_gmt":"2017-11-02T18:54:33","slug":"chicharito-west-ham-desearon-a-mexico-feliz-dia-muertos","status":"publish","type":"post","link":"http:\/\/desarrollo.grupomedios.com\/futbol\/futbol-internacional\/chicharito-west-ham-desearon-a-mexico-feliz-dia-muertos\/2017\/11","title":{"rendered":"Chicharito y el West Ham desearon a M\u00e9xico Feliz D\u00eda de Muertos"},"content":{"rendered":"<p>El delantero mexicano <strong>Javier <em>Chicharito<\/em> Hern\u00e1ndez<\/strong> y su club, el <strong>West Ham United<\/strong> de <strong>Inglaterra<\/strong>, no dejaron pasar los festejos del <strong>D\u00eda de Muertos<\/strong> para unirse a la celebraci\u00f3n y felicitar al pueblo de M\u00e9xico.<\/p>\n<p>Por medio de sus redes sociales, los <em>Hammers<\/em> publicaron un video en el que aparece <em>Chicharito<\/em> mandando sus felicitaciones a todos los mexicanos en estas fechas que sirven para recordar a los muertos.<\/p>\n<p>VER M\u00c1S:<\/p>\n<p>&#8220;Hola a toda la gente y a todos los mexicanos por el mundo, quiero desearles un feliz D\u00eda de Muertos. Que la pasen muy bien con toda su gente y que puedan recordar a esos seres queridos que se fueron ya a otra parte. Que est\u00e9n muy bien, un fuerte abrazo y muchas bendiciones&#8221;, son las palabras del mexicano.<\/p>\n<p>Durante la pieza se escucha m\u00fasica tradicional mexicana y al final del video Hern\u00e1ndez termina con el rostro de una calavera.<\/p>\n<p>&nbsp;<\/p>\n<blockquote class=\"twitter-video\" data-lang=\"es\">\n<p dir=\"ltr\" lang=\"es\">\u00a1Hoy es <a href=\"https:\/\/twitter.com\/hashtag\/D%C3%ADaDeMuertos?src=hash&amp;ref_src=twsrc%5Etfw\">#D\u00edaDeMuertos<\/a>! \u00a1Y <a href=\"https:\/\/twitter.com\/CH14_?ref_src=twsrc%5Etfw\">@CH14_<\/a> mand\u00f3 un mensaje a todos los mexicanos! &#x1f1f2;&#x1f1fd;&#x1f51d;\u2620\ufe0f <a href=\"https:\/\/t.co\/9g3CfrtEjW\">pic.twitter.com\/9g3CfrtEjW<\/a><\/p>\n<p>\u2014 WestHamEspa\u00f1ol (@WestHamEspanol) <a href=\"https:\/\/twitter.com\/WestHamEspanol\/status\/926110397379293184?ref_src=twsrc%5Etfw\">2 de noviembre de 2017<\/a><\/p><\/blockquote>\n<p><script async src=\"https:\/\/platform.twitter.com\/widgets.js\" charset=\"utf-8\"><\/script><\/p>\n","protected":false},"excerpt":{"rendered":"<p>El delantero azteca mand\u00f3 una &#8216;calav\u00e9rica&#8217; felicitaci\u00f3n a todos los mexicanos.<\/p>\n","protected":false},"author":154,"featured_media":507765,"comment_status":"closed","ping_status":"closed","sticky":false,"template":"","format":"standard","meta":[],"categories":[7570,3839,3846],"tags":[120,549,11005,1743],"_links":{"self":[{"href":"http:\/\/desarrollo.grupomedios.com\/futbol\/wp-json\/wp\/v2\/posts\/507764"}],"collection":[{"href":"http:\/\/desarrollo.grupomedios.com\/futbol\/wp-json\/wp\/v2\/posts"}],"about":[{"href":"http:\/\/desarrollo.grupomedios.com\/futbol\/wp-json\/wp\/v2\/types\/post"}],"author":[{"embeddable":true,"href":"http:\/\/desarrollo.grupomedios.com\/futbol\/wp-json\/wp\/v2\/users\/154"}],"replies":[{"embeddable":true,"href":"http:\/\/desarrollo.grupomedios.com\/futbol\/wp-json\/wp\/v2\/comments?post=507764"}],"version-history":[{"count":2,"href":"http:\/\/desarrollo.grupomedios.com\/futbol\/wp-json\/wp\/v2\/posts\/507764\/revisions"}],"predecessor-version":[{"id":507768,"href":"http:\/\/desarrollo.grupomedios.com\/futbol\/wp-json\/wp\/v2\/posts\/507764\/revisions\/507768"}],"wp:featuredmedia":[{"embeddable":true,"href":"http:\/\/desarrollo.grupomedios.com\/futbol\/wp-json\/wp\/v2\/media\/507765"}],"wp:attachment":[{"href":"http:\/\/desarrollo.grupomedios.com\/futbol\/wp-json\/wp\/v2\/media?parent=507764"}],"wp:term":[{"taxonomy":"category","embeddable":true,"href":"http:\/\/desarrollo.grupomedios.com\/futbol\/wp-json\/wp\/v2\/categories?post=507764"},{"taxonomy":"post_tag","embeddable":true,"href":"http:\/\/desarrollo.grupomedios.com\/futbol\/wp-json\/wp\/v2\/tags?post=507764"}],"curies":[{"name":"wp","href":"https:\/\/api.w.org\/{rel}","templated":true}]}}