{"id":507771,"date":"2017-11-02T12:35:41","date_gmt":"2017-11-02T18:35:41","guid":{"rendered":"https:\/\/www.futboltotal.com.mx\/?p=507771"},"modified":"2017-11-02T12:35:41","modified_gmt":"2017-11-02T18:35:41","slug":"cristiano-confiesa-real-madrid-extrana-a-pepe-morata-james","status":"publish","type":"post","link":"http:\/\/desarrollo.grupomedios.com\/futbol\/futbol-internacional\/cristiano-confiesa-real-madrid-extrana-a-pepe-morata-james\/2017\/11","title":{"rendered":"Cristiano confiesa que el Real Madrid extra\u00f1a a Pepe, Morata y James"},"content":{"rendered":"<p><strong>Por: EFE<\/strong><\/p>\n<p><strong>Cristiano Ronaldo<\/strong> neg\u00f3 categ\u00f3ricamente que el <strong>Real Madrid<\/strong> est\u00e9 en crisis -&#8220;\u00bfCrisis? \u00bfQu\u00e9 crisis?&#8221;- y asegur\u00f3 que s\u00f3lo pasan por &#8220;una mala racha&#8221;, al tiempo que record\u00f3 que el conjunto &#8216;blanco&#8217; es el vigente campe\u00f3n de la <strong>Champions League<\/strong> y dijo que la gente &#8220;olvida muy r\u00e1pido lo bueno&#8221;.<\/p>\n<p>Lo que s\u00ed acept\u00f3, es que echan de menos a los lesionados<strong> Dani Carvajal<\/strong> y <strong>Gareth Bale<\/strong> y que les vendr\u00eda bien la &#8220;experiencia&#8221; de <strong>Pepe<\/strong>, <strong>James Rodr\u00edguez<\/strong> y <strong>\u00c1lvaro Morata<\/strong>, quienes dejaron el club en el verano con rumbo a<strong> Besiktas, Bayern Munich<\/strong> y <strong>Chelsea<\/strong>, respectivamente.<\/p>\n<p style=\"text-align: center;\"><span style=\"color: #3366ff;\"><a href=\"https:\/\/www.futboltotal.com.mx\/futbol-mexicano\/liga-mx\/jurgen-klinsmann-podria-tecnico-xolos\/2017\/11\">VER M\u00c1S: J\u00fcrgen Klinsmann podr\u00eda ser t\u00e9cnico de Xolos<\/a><\/span><\/p>\n<p>&#8220;Los jugadores que han llegado tienen mucho potencial. Pepe, Morata, James, nos hac\u00edan m\u00e1s fuertes, pero los de ahora son m\u00e1s j\u00f3venes. Nos hacen falta tambi\u00e9n Carvajal y Bale. La plantilla junta es m\u00e1s fuerte; no es una plantilla peor, pero tiene menos experiencia y eso es muy importante. Sin embargo, no es una excusa: estoy contento y no pueden saltar las alarmas&#8221;, indic\u00f3 despu\u00e9s del partido ante <strong>Tottenham<\/strong>, de la <span style=\"color: #3366ff;\"><a href=\"https:\/\/www.futboltotal.com.mx\/destacado-home\/tottenham-3-1-real-madrid-champions-league-2017-resumen\/2017\/11\">cuarta jornada de la Champions League<\/a><\/span>.<\/p>\n<p>&#8220;No podemos estar siempre bien; hay que cambiar y admitir que no estamos como quer\u00edamos. Sin embargo, no veo las cosas tan mal; hay que estar con confianza&#8221;, concluy\u00f3.<\/p>\n<p style=\"text-align: center;\"><span style=\"color: #3366ff;\"><a href=\"https:\/\/www.futboltotal.com.mx\/futbol-mexicano\/liga-mx\/equipos-la-liga-mx-podrian-tener-a-fernando-torres\/2017\/11\">VER M\u00c1S: Equipos de la Liga MX que podr\u00edan tener a Fernando Torres<\/a><\/span><\/p>\n","protected":false},"excerpt":{"rendered":"<p>El portugu\u00e9s neg\u00f3 que el Madrid est\u00e9 en crisis.<\/p>\n","protected":false},"author":129,"featured_media":507776,"comment_status":"closed","ping_status":"closed","sticky":false,"template":"","format":"standard","meta":[],"categories":[3841,3839],"tags":[3001,36,6013,6082,1641,176,5988,228],"_links":{"self":[{"href":"http:\/\/desarrollo.grupomedios.com\/futbol\/wp-json\/wp\/v2\/posts\/507771"}],"collection":[{"href":"http:\/\/desarrollo.grupomedios.com\/futbol\/wp-json\/wp\/v2\/posts"}],"about":[{"href":"http:\/\/desarrollo.grupomedios.com\/futbol\/wp-json\/wp\/v2\/types\/post"}],"author":[{"embeddable":true,"href":"http:\/\/desarrollo.grupomedios.com\/futbol\/wp-json\/wp\/v2\/users\/129"}],"replies":[{"embeddable":true,"href":"http:\/\/desarrollo.grupomedios.com\/futbol\/wp-json\/wp\/v2\/comments?post=507771"}],"version-history":[{"count":1,"href":"http:\/\/desarrollo.grupomedios.com\/futbol\/wp-json\/wp\/v2\/posts\/507771\/revisions"}],"predecessor-version":[{"id":507777,"href":"http:\/\/desarrollo.grupomedios.com\/futbol\/wp-json\/wp\/v2\/posts\/507771\/revisions\/507777"}],"wp:featuredmedia":[{"embeddable":true,"href":"http:\/\/desarrollo.grupomedios.com\/futbol\/wp-json\/wp\/v2\/media\/507776"}],"wp:attachment":[{"href":"http:\/\/desarrollo.grupomedios.com\/futbol\/wp-json\/wp\/v2\/media?parent=507771"}],"wp:term":[{"taxonomy":"category","embeddable":true,"href":"http:\/\/desarrollo.grupomedios.com\/futbol\/wp-json\/wp\/v2\/categories?post=507771"},{"taxonomy":"post_tag","embeddable":true,"href":"http:\/\/desarrollo.grupomedios.com\/futbol\/wp-json\/wp\/v2\/tags?post=507771"}],"curies":[{"name":"wp","href":"https:\/\/api.w.org\/{rel}","templated":true}]}}