{"id":507775,"date":"2017-11-02T12:53:26","date_gmt":"2017-11-02T18:53:26","guid":{"rendered":"https:\/\/www.futboltotal.com.mx\/?p=507775"},"modified":"2017-11-02T12:53:26","modified_gmt":"2017-11-02T18:53:26","slug":"iker-casillas-puede-creer-hector-herrera-marcara-gol","status":"publish","type":"post","link":"http:\/\/desarrollo.grupomedios.com\/futbol\/futbol-internacional\/iker-casillas-puede-creer-hector-herrera-marcara-gol\/2017\/11","title":{"rendered":"Iker Casillas no puede creer que H\u00e9ctor Herrera marcara un gol"},"content":{"rendered":"<p>El mediocampista mexicano <strong>H\u00e9ctor Herrera<\/strong> lider\u00f3 el reciente <a href=\"https:\/\/www.futboltotal.com.mx\/futbol-internacional\/champions-league\/porto-3-leipzig-1-champions-league-2017-resumen\/2017\/11\" target=\"_blank\" rel=\"noopener\"><span style=\"color: #333399;\">triunfo de su equipo, el <strong>Porto<\/strong>, en la <strong>Champions League<\/strong> sobre el <strong>Leipzig<\/strong><\/span><\/a>, pero no contaba con que su compa\u00f1ero, el hist\u00f3rico portero espa\u00f1ol <strong>Iker Casillas<\/strong> lo trollear\u00eda poco despu\u00e9s.<\/p>\n<p>El otrora guardameta del <strong>Real Madrid<\/strong> us\u00f3 la red social para deportistas <strong>Viktre<\/strong> para publicar un mensaje, despu\u00e9s replicado en Twitter, para el &#8216;<strong>Zorrillo<\/strong>&#8216; Herrera, en el que manifest\u00f3 su asombro luego de que el mexicano marcara un gol ante el club alem\u00e1n.<\/p>\n<p style=\"text-align: center;\"><a href=\"https:\/\/www.futboltotal.com.mx\/futbol-internacional\/liga-de-inglaterra\/chicharito-west-ham-desearon-a-mexico-feliz-dia-muertos\/2017\/11\" target=\"_blank\" rel=\"noopener\"><span style=\"color: #333399;\">VER M\u00c1S: Chicharito y West Ham desearon a M\u00e9xico Feliz D\u00eda de Muertos<\/span><\/a><\/p>\n<p>&#8220;No puedo entender que marcaras gol!! \u00a0MILAGROOOOOO!!&#8221; fue la frase que escribi\u00f3 Casillas, acompa\u00f1ada por un par de emojis de risas y una imagen en la que aparece junto a H\u00e9ctor mientras hace un gesto de sorpresa.<\/p>\n<div id=\"attachment_507779\" style=\"width: 966px\" class=\"wp-caption aligncenter\"><img aria-describedby=\"caption-attachment-507779\" decoding=\"async\" loading=\"lazy\" class=\"size-full wp-image-507779\" src=\"https:\/\/www.futboltotal.com.mx\/wp-content\/uploads\/2017\/11\/iker-casillas-puede-creer-hector-herrera-marcara-gol-2.jpg\" alt=\"Iker Casillas se burl\u00f3 del gol de H\u00e9ctor Herrera en redes sociales.\" srcset=\"http:\/\/desarrollo.grupomedios.com\/futbol\/wp-content\/uploads\/2017\/11\/iker-casillas-puede-creer-hector-herrera-marcara-gol-2.jpg 956w, http:\/\/desarrollo.grupomedios.com\/futbol\/wp-content\/uploads\/2017\/11\/iker-casillas-puede-creer-hector-herrera-marcara-gol-2-300x234.jpg 300w, http:\/\/desarrollo.grupomedios.com\/futbol\/wp-content\/uploads\/2017\/11\/iker-casillas-puede-creer-hector-herrera-marcara-gol-2-768x599.jpg 768w\" sizes=\"(max-width: 956px) 100vw, 956px\" \/><p id=\"caption-attachment-507779\" class=\"wp-caption-text\">Iker Casillas se burl\u00f3 del gol de H\u00e9ctor Herrera en redes sociales.<\/p><\/div>\n<p>Este tipo de gestos reflejan el buen ambiente que existe entre el plantel del Porto, particularmente de Iker con sus compa\u00f1eros mexicanos, ya que en otras ocasiones <a href=\"https:\/\/www.futboltotal.com.mx\/cambio-de-juego\/iker-casillas-trollea-a-miguel-layun-2\/2017\/07\" target=\"_blank\" rel=\"noopener\"><span style=\"color: #333399;\">se ha burlado de Miguel Lay\u00fan<\/span><\/a>, aunque tambi\u00e9n ha mostrado su apoyo a iniciativas de los jugadores aztecas, como <a href=\"https:\/\/www.futboltotal.com.mx\/futbol-mexicano\/iker-casillas-se-une-a-iniciativa-layun-chicharito-mexico\/2017\/09\" target=\"_blank\" rel=\"noopener\"><span style=\"color: #333399;\">lo hizo tras el pasado sismo que sucedi\u00f3 en M\u00e9xico<\/span><\/a> en septiembre de 2017.<\/p>\n<p>Este fue el gol de Herrera que abri\u00f3 el marcador para el triunfo de los Dragones por 3-1 y que caus\u00f3 la broma por parte de Casillas.<\/p>\n<p>&nbsp;<\/p>\n<blockquote class=\"twitter-video\" data-lang=\"es\">\n<p dir=\"ltr\" lang=\"es\">\u26bd: El mexicano H\u00e9ctor Herrera anot\u00f3 gol en la victoria de Porto sobre Leipzig 3-1, en juego del grupo G de la Liga de Campeones de Europa. <a href=\"https:\/\/t.co\/Pi6fq2SXcp\">pic.twitter.com\/Pi6fq2SXcp<\/a><\/p>\n<p>\u2014 Jos\u00e9 Juan V\u00e1zquez (@josejuangelv) <a href=\"https:\/\/twitter.com\/josejuangelv\/status\/925846854553579520?ref_src=twsrc%5Etfw\">1 de noviembre de 2017<\/a><\/p><\/blockquote>\n<p><script async src=\"https:\/\/platform.twitter.com\/widgets.js\" charset=\"utf-8\"><\/script><\/p>\n","protected":false},"excerpt":{"rendered":"<p>No te pierdas la \u00e9pica trolleada que le hizo el hist\u00f3rico arquero espa\u00f1ol.<\/p>\n","protected":false},"author":154,"featured_media":507781,"comment_status":"closed","ping_status":"closed","sticky":false,"template":"","format":"standard","meta":[],"categories":[5419,3839,7709],"tags":[3658,5995,6019,7615,1208,11024],"_links":{"self":[{"href":"http:\/\/desarrollo.grupomedios.com\/futbol\/wp-json\/wp\/v2\/posts\/507775"}],"collection":[{"href":"http:\/\/desarrollo.grupomedios.com\/futbol\/wp-json\/wp\/v2\/posts"}],"about":[{"href":"http:\/\/desarrollo.grupomedios.com\/futbol\/wp-json\/wp\/v2\/types\/post"}],"author":[{"embeddable":true,"href":"http:\/\/desarrollo.grupomedios.com\/futbol\/wp-json\/wp\/v2\/users\/154"}],"replies":[{"embeddable":true,"href":"http:\/\/desarrollo.grupomedios.com\/futbol\/wp-json\/wp\/v2\/comments?post=507775"}],"version-history":[{"count":1,"href":"http:\/\/desarrollo.grupomedios.com\/futbol\/wp-json\/wp\/v2\/posts\/507775\/revisions"}],"predecessor-version":[{"id":507783,"href":"http:\/\/desarrollo.grupomedios.com\/futbol\/wp-json\/wp\/v2\/posts\/507775\/revisions\/507783"}],"wp:featuredmedia":[{"embeddable":true,"href":"http:\/\/desarrollo.grupomedios.com\/futbol\/wp-json\/wp\/v2\/media\/507781"}],"wp:attachment":[{"href":"http:\/\/desarrollo.grupomedios.com\/futbol\/wp-json\/wp\/v2\/media?parent=507775"}],"wp:term":[{"taxonomy":"category","embeddable":true,"href":"http:\/\/desarrollo.grupomedios.com\/futbol\/wp-json\/wp\/v2\/categories?post=507775"},{"taxonomy":"post_tag","embeddable":true,"href":"http:\/\/desarrollo.grupomedios.com\/futbol\/wp-json\/wp\/v2\/tags?post=507775"}],"curies":[{"name":"wp","href":"https:\/\/api.w.org\/{rel}","templated":true}]}}