{"id":507802,"date":"2017-11-02T14:56:01","date_gmt":"2017-11-02T20:56:01","guid":{"rendered":"https:\/\/www.futboltotal.com.mx\/?p=507802"},"modified":"2017-11-02T14:56:40","modified_gmt":"2017-11-02T20:56:40","slug":"prefieren-una-pantalla-porqueria-en-atlas-ferretti","status":"publish","type":"post","link":"http:\/\/desarrollo.grupomedios.com\/futbol\/futbol-mexicano\/prefieren-una-pantalla-porqueria-en-atlas-ferretti\/2017\/11","title":{"rendered":"Prefieren una pantalla de &#8216;porquer\u00eda&#8217; en Atlas: Ferretti"},"content":{"rendered":"<p><strong>POR: STAFF FT<\/strong><\/p>\n<p>El entrenador de los Tigres, <strong>Ricardo Ferretti<\/strong>, se\u00f1al\u00f3 que en <strong>Atlas<\/strong> prefirieron poner una pantalla que es &#8220;una porquer\u00eda&#8221; a invertir ese dinero en apoyar a las fuerzas b\u00e1sicas del club,<\/p>\n<p>El &#8216;Tuca&#8217; no se qued\u00f3 callado y arremeti\u00f3 contra la pantalla que se ubica en el estadio Jalisco, la cual si tuvo su intervenci\u00f3n durante el encuentro, ya que un bal\u00f3n golpe\u00f3 la panor\u00e1mica durante el partido.<\/p>\n<p>Ferretti asegur\u00f3 que &#8220;el estadio Jalisco es muy bonito como para tener una porquer\u00eda de ese estilo. Deber\u00edan invertir ese dinero que se gastaron en otras cosas como apoyar y pagar a los t\u00e9cnicos de las fuerzas b\u00e1sicas del club&#8221;.<\/p>\n<p style=\"text-align: center;\"><span style=\"color: #333399;\"><a href=\"https:\/\/www.futboltotal.com.mx\/futbol-mexicano\/oscar-ustari-portero-brillo-culpa-las-lesiones\/2017\/11\">VER M\u00c1S:\u00a0<span class=\"item-title\">Oscar Ustari, el portero que no brill\u00f3 por culpa de las lesiones<\/span><\/a><\/span><\/p>\n<p>Pese a su molestia por esta situaci\u00f3n, el entrenador de los <strong>Tigres<\/strong> asegur\u00f3 que es algo que a \u00e9l no le debe de importar, pero fue lo que provoc\u00f3 que el partido tuviera que jugarse hasta este pasado mi\u00e9rcoles, en duelo pendiente de la Jornada 8.<\/p>\n<p>Y finalmente el &#8216;Tuca&#8217; brome\u00f3, &#8220;s\u00e9 que me van a multar por haber dicho la palabra <strong>&#8216;porquer\u00eda&#8217;<\/strong>&#8220;.<\/p>\n","protected":false},"excerpt":{"rendered":"<p>El estratega de los Tigres afirm\u00f3 que el dinero no fue bien utilizado<\/p>\n","protected":false},"author":160,"featured_media":507803,"comment_status":"closed","ping_status":"closed","sticky":false,"template":"","format":"standard","meta":[],"categories":[2198,3845],"tags":[8357,5961,3061,64,104,5973],"_links":{"self":[{"href":"http:\/\/desarrollo.grupomedios.com\/futbol\/wp-json\/wp\/v2\/posts\/507802"}],"collection":[{"href":"http:\/\/desarrollo.grupomedios.com\/futbol\/wp-json\/wp\/v2\/posts"}],"about":[{"href":"http:\/\/desarrollo.grupomedios.com\/futbol\/wp-json\/wp\/v2\/types\/post"}],"author":[{"embeddable":true,"href":"http:\/\/desarrollo.grupomedios.com\/futbol\/wp-json\/wp\/v2\/users\/160"}],"replies":[{"embeddable":true,"href":"http:\/\/desarrollo.grupomedios.com\/futbol\/wp-json\/wp\/v2\/comments?post=507802"}],"version-history":[{"count":2,"href":"http:\/\/desarrollo.grupomedios.com\/futbol\/wp-json\/wp\/v2\/posts\/507802\/revisions"}],"predecessor-version":[{"id":507805,"href":"http:\/\/desarrollo.grupomedios.com\/futbol\/wp-json\/wp\/v2\/posts\/507802\/revisions\/507805"}],"wp:featuredmedia":[{"embeddable":true,"href":"http:\/\/desarrollo.grupomedios.com\/futbol\/wp-json\/wp\/v2\/media\/507803"}],"wp:attachment":[{"href":"http:\/\/desarrollo.grupomedios.com\/futbol\/wp-json\/wp\/v2\/media?parent=507802"}],"wp:term":[{"taxonomy":"category","embeddable":true,"href":"http:\/\/desarrollo.grupomedios.com\/futbol\/wp-json\/wp\/v2\/categories?post=507802"},{"taxonomy":"post_tag","embeddable":true,"href":"http:\/\/desarrollo.grupomedios.com\/futbol\/wp-json\/wp\/v2\/tags?post=507802"}],"curies":[{"name":"wp","href":"https:\/\/api.w.org\/{rel}","templated":true}]}}