{"id":507811,"date":"2017-11-02T15:44:20","date_gmt":"2017-11-02T21:44:20","guid":{"rendered":"https:\/\/www.futboltotal.com.mx\/?p=507811"},"modified":"2017-11-02T15:48:45","modified_gmt":"2017-11-02T21:48:45","slug":"la-rebel-explota-contra-jugadores-pumas","status":"publish","type":"post","link":"http:\/\/desarrollo.grupomedios.com\/futbol\/videos\/la-rebel-explota-contra-jugadores-pumas\/2017\/11","title":{"rendered":"La Rebel explota contra jugadores de Pumas: &#8220;Nos tienen hasta la v&#8230;&#8221;"},"content":{"rendered":"<p><strong>POR: STAFF FT<\/strong><\/p>\n<p>Un video publicado este 2 de noviembre se ha hecho viral, pues los aficionados de <strong>Pumas<\/strong>, en especial la barra llamada <strong>&#8216;La Rebel&#8217;<\/strong> ha explotado en contra de los jugadores, dici\u00e9ndoles\u00a0<strong>&#8220;Nos tienen hasta la verga&#8221;<\/strong>, palabras textuales, luego que despu\u00e9s del entrenamiento varios de los integrantes de este grupo de animaci\u00f3n se acercara a tres futbolistas.<\/p>\n<p><strong>Josecarlos Van Rankin, Jes\u00fas Gallardo y David Cabrera<\/strong> son los tres futbolistas felinos que se pueden ver en el video recibiendo las quejas de los molestos aficionados quienes muestran su hartazgo por la situaci\u00f3n actual que vive el club siendo \u00faltimo lugar de la tabla general, adem\u00e1s de recriminar sus actitudes fuera del terreno de juego.<\/p>\n<p style=\"text-align: center;\"><a href=\"https:\/\/www.futboltotal.com.mx\/cambio-de-juego\/iker-casillas-puede-creer-hector-herrera-marcara-gol\/2017\/11\" target=\"_blank\" rel=\"noopener\">VER M\u00c1S: Iker Casillas trollea a H\u00e9ctor Herrera por gol en Champios League<\/a><\/p>\n<p>Los integrantes de &#8216;La Rebel&#8217; hablan, entre otras cosas, de los posteos que realizan los jugadores a trav\u00e9s de redes sociales, en especial se quejan de las actitudes que han tenido los jugadores &#8216;extranjeros&#8217; tal es el caso de <strong>Abraham Gonz\u00e1lez, Gerardo Alcoba y Nicol\u00e1s Castillo<\/strong>.<\/p>\n<p>El video ha causado revuelo, pues no es usual ver esta situaci\u00f3n, en la que los jugadores aceptan la recriminaci\u00f3n de los hinchas y adem\u00e1s, David Cabrera pide disculpas y asegura que ganar\u00e1n el siguiente encuentro ante<strong> Santos Laguna<\/strong>, que disputar\u00e1n el domingo en Ciudad Universitaria.<\/p>\n<div id=\"fb-root\"><\/div>\n<p><script>(function(d, s, id) {  var js, fjs = d.getElementsByTagName(s)[0];  if (d.getElementById(id)) return;  js = d.createElement(s); js.id = id;  js.src = 'https:\/\/connect.facebook.net\/en_US\/sdk.js#xfbml=1&version=v2.10';  fjs.parentNode.insertBefore(js, fjs);}(document, 'script', 'facebook-jssdk'));<\/script><\/p>\n<div class=\"fb-video\" data-href=\"https:\/\/www.facebook.com\/Notigoya\/videos\/1946526122029316\/\" data-width=\"500\">\n<blockquote cite=\"https:\/\/www.facebook.com\/Notigoya\/videos\/1946526122029316\/\" class=\"fb-xfbml-parse-ignore\"><p><a href=\"https:\/\/www.facebook.com\/Notigoya\/videos\/1946526122029316\/\"><\/a><\/p>\n<p>Miembros de La Rebel le dijeron de todo a Gallardo, Van Rankin y Cabrera. Hablaron en nombre de la afici\u00f3n y los jugadores hicieron una promesa para el domingo. \u00bfQu\u00e9 opinan del encare y de sus palabras?<\/p>\n<p>Posted by <a href=\"https:\/\/www.facebook.com\/Notigoya\/\">Noti Goya<\/a> on Thursday, November 2, 2017<\/p><\/blockquote>\n<\/div>\n<p style=\"text-align: center;\"><a href=\"https:\/\/www.futboltotal.com.mx\/futbol-mexicano\/liga-mx\/jurgen-klinsmann-podria-tecnico-xolos\/2017\/11\" target=\"_blank\" rel=\"noopener\">VER M\u00c1S: Ex DT de Estados Unidos ir\u00eda a Xolos<\/a><\/p>\n","protected":false},"excerpt":{"rendered":"<p>Los aficionados mostraron su descontento con los jugadores<\/p>\n","protected":false},"author":159,"featured_media":507821,"comment_status":"closed","ping_status":"closed","sticky":false,"template":"","format":"standard","meta":[],"categories":[5,2198,3845,4],"tags":[915,8134,4154,9793,64,74],"_links":{"self":[{"href":"http:\/\/desarrollo.grupomedios.com\/futbol\/wp-json\/wp\/v2\/posts\/507811"}],"collection":[{"href":"http:\/\/desarrollo.grupomedios.com\/futbol\/wp-json\/wp\/v2\/posts"}],"about":[{"href":"http:\/\/desarrollo.grupomedios.com\/futbol\/wp-json\/wp\/v2\/types\/post"}],"author":[{"embeddable":true,"href":"http:\/\/desarrollo.grupomedios.com\/futbol\/wp-json\/wp\/v2\/users\/159"}],"replies":[{"embeddable":true,"href":"http:\/\/desarrollo.grupomedios.com\/futbol\/wp-json\/wp\/v2\/comments?post=507811"}],"version-history":[{"count":2,"href":"http:\/\/desarrollo.grupomedios.com\/futbol\/wp-json\/wp\/v2\/posts\/507811\/revisions"}],"predecessor-version":[{"id":507825,"href":"http:\/\/desarrollo.grupomedios.com\/futbol\/wp-json\/wp\/v2\/posts\/507811\/revisions\/507825"}],"wp:featuredmedia":[{"embeddable":true,"href":"http:\/\/desarrollo.grupomedios.com\/futbol\/wp-json\/wp\/v2\/media\/507821"}],"wp:attachment":[{"href":"http:\/\/desarrollo.grupomedios.com\/futbol\/wp-json\/wp\/v2\/media?parent=507811"}],"wp:term":[{"taxonomy":"category","embeddable":true,"href":"http:\/\/desarrollo.grupomedios.com\/futbol\/wp-json\/wp\/v2\/categories?post=507811"},{"taxonomy":"post_tag","embeddable":true,"href":"http:\/\/desarrollo.grupomedios.com\/futbol\/wp-json\/wp\/v2\/tags?post=507811"}],"curies":[{"name":"wp","href":"https:\/\/api.w.org\/{rel}","templated":true}]}}