{"id":507816,"date":"2017-11-02T15:44:40","date_gmt":"2017-11-02T21:44:40","guid":{"rendered":"https:\/\/www.futboltotal.com.mx\/?p=507816"},"modified":"2017-11-02T15:45:31","modified_gmt":"2017-11-02T21:45:31","slug":"tono-rodriguez-sera-primer-refuerzo-chivas-clausura-2018","status":"publish","type":"post","link":"http:\/\/desarrollo.grupomedios.com\/futbol\/futbol-mexicano\/tono-rodriguez-sera-primer-refuerzo-chivas-clausura-2018\/2017\/11","title":{"rendered":"To\u00f1o Rodr\u00edguez ser\u00e1 el primer refuerzo de Chivas para el Clausura 2018"},"content":{"rendered":"<p><strong>POR: STAFF FT<\/strong><\/p>\n<p><strong>Jos\u00e9 Antonio Rodr\u00edguez<\/strong> ser\u00e1 el primer refuerzo para las <em>Chivas Rayadas<\/em> del <strong>Guadalajara<\/strong> en el <strong>Torneo Clausura 2018<\/strong> de la Liga MX.<\/p>\n<p>To\u00f1ito estar\u00eda de vuelta en el Reba\u00f1o Sagrado, despu\u00e9s de que fuera prestado a los <em>Esmeraldas<\/em> de <strong>Le\u00f3n<\/strong> y los <em>Xolos<\/em> de <strong>Tijuana, <\/strong>se\u00f1al\u00f3 el diario <em>RECORD<\/em>.<\/p>\n<p>El arquero mexicano se convirti\u00f3 en el suplente de los fronterizos, por debajo de <strong>Gibran Lajud,<\/strong> quien es el titular en el arco de Tijuana.<\/p>\n<p style=\"text-align: center;\"><span style=\"color: #333399;\"><a href=\"https:\/\/www.futboltotal.com.mx\/futbol-mexicano\/queretaro-anuncio-jaime-ordiales-como-su-nuevo-presidente\/2017\/11\">VER M\u00c1S:\u00a0<span class=\"item-title\">Quer\u00e9taro anunci\u00f3 a Jaime Ordiales como su nuevo presidente<\/span><\/a><\/span><\/p>\n<p>La salida de <strong>Rodolfo Cota<\/strong> de las Chivas parece inminente tras el alto precio que han puesto los <em>Tuzos<\/em> del <strong>Pachuca<\/strong>, que son 8 millones de d\u00f3lares.<\/p>\n<p>Sin embargo, el regreso de To\u00f1o Rodr\u00edguez no ser\u00eda para ocupar la titularidad en el Reba\u00f1o, ya que <strong>Mat\u00edas Almeyda<\/strong> dar\u00eda la confianza al arquero <strong>Miguel Jim\u00e9nez<\/strong>, quien se ha ocupado de proteger la valla en la <strong>Copa MX.<\/strong><\/p>\n<p style=\"text-align: center;\"><span style=\"color: #333399;\"><a href=\"https:\/\/www.futboltotal.com.mx\/futbol-mexicano\/prefieren-una-pantalla-porqueria-en-atlas-ferretti\/2017\/11\">VER M\u00c1S &#8211;\u00a0<span class=\"item-title\">Prefieren una pantalla de \u2018porquer\u00eda\u2019 en Atlas: Ferretti<\/span><\/a><\/span><\/p>\n<p>&nbsp;<\/p>\n","protected":false},"excerpt":{"rendered":"<p>El arquero regresar\u00e1 al Reba\u00f1o Sagrado, tras su paso por Xolos<\/p>\n","protected":false},"author":160,"featured_media":507817,"comment_status":"closed","ping_status":"closed","sticky":false,"template":"","format":"standard","meta":[],"categories":[2198,3845],"tags":[70,9028,5963,5335,7796],"_links":{"self":[{"href":"http:\/\/desarrollo.grupomedios.com\/futbol\/wp-json\/wp\/v2\/posts\/507816"}],"collection":[{"href":"http:\/\/desarrollo.grupomedios.com\/futbol\/wp-json\/wp\/v2\/posts"}],"about":[{"href":"http:\/\/desarrollo.grupomedios.com\/futbol\/wp-json\/wp\/v2\/types\/post"}],"author":[{"embeddable":true,"href":"http:\/\/desarrollo.grupomedios.com\/futbol\/wp-json\/wp\/v2\/users\/160"}],"replies":[{"embeddable":true,"href":"http:\/\/desarrollo.grupomedios.com\/futbol\/wp-json\/wp\/v2\/comments?post=507816"}],"version-history":[{"count":2,"href":"http:\/\/desarrollo.grupomedios.com\/futbol\/wp-json\/wp\/v2\/posts\/507816\/revisions"}],"predecessor-version":[{"id":507828,"href":"http:\/\/desarrollo.grupomedios.com\/futbol\/wp-json\/wp\/v2\/posts\/507816\/revisions\/507828"}],"wp:featuredmedia":[{"embeddable":true,"href":"http:\/\/desarrollo.grupomedios.com\/futbol\/wp-json\/wp\/v2\/media\/507817"}],"wp:attachment":[{"href":"http:\/\/desarrollo.grupomedios.com\/futbol\/wp-json\/wp\/v2\/media?parent=507816"}],"wp:term":[{"taxonomy":"category","embeddable":true,"href":"http:\/\/desarrollo.grupomedios.com\/futbol\/wp-json\/wp\/v2\/categories?post=507816"},{"taxonomy":"post_tag","embeddable":true,"href":"http:\/\/desarrollo.grupomedios.com\/futbol\/wp-json\/wp\/v2\/tags?post=507816"}],"curies":[{"name":"wp","href":"https:\/\/api.w.org\/{rel}","templated":true}]}}