{"id":507830,"date":"2017-11-02T15:55:41","date_gmt":"2017-11-02T21:55:41","guid":{"rendered":"https:\/\/www.futboltotal.com.mx\/?p=507830"},"modified":"2017-11-02T15:56:03","modified_gmt":"2017-11-02T21:56:03","slug":"patrice-evra-agrede-a-aficionado-expulsado-previo-al-partido","status":"publish","type":"post","link":"http:\/\/desarrollo.grupomedios.com\/futbol\/videos\/patrice-evra-agrede-a-aficionado-expulsado-previo-al-partido\/2017\/11","title":{"rendered":"Patrice Evra agrede a aficionado y es expulsado previo al partido"},"content":{"rendered":"<p><strong>POR: EFE<\/strong><\/p>\n<p>El jugador del <strong>Olympique de Marsella<\/strong> <strong>Patrice Evra<\/strong> fue expulsado este jueves antes del partido de la cuarta jornada de la Liga Europa contra el <strong>Vitoria de Guimaraes<\/strong> portugu\u00e9s por agredir a un aficionado de su equipo durante el calentamiento.<\/p>\n<p>Los comentarios de dicho aficionado antes del partido no fueron del agrado de Evra, que se dirigi\u00f3 a donde estaba situado, tras una valla de publicidad en uno de los fondos del estadio <strong>Afonso Henriques<\/strong>, en Guimaraes, y le propin\u00f3 una patada en la cabeza.<\/p>\n<p>Tras el altercado, el lateral izquierdo fue conducido a los vestuarios. Poco despu\u00e9s el \u00e1rbitro le mostr\u00f3 la tarjeta roja por su acci\u00f3n.<\/p>\n<blockquote class=\"twitter-video\" data-lang=\"es\">\n<p dir=\"ltr\" lang=\"es\">Patrice Evra fue EXPULSADO 30 minutos ANTES de que empezara el partido por esto&#8230; <a href=\"https:\/\/t.co\/TyJKdy78TU\">pic.twitter.com\/TyJKdy78TU<\/a><\/p>\n<p>\u2014 Fball Zero\u2122 (@FballZero) <a href=\"https:\/\/twitter.com\/FballZero\/status\/926188490617999360?ref_src=twsrc%5Etfw\">2 de noviembre de 2017<\/a><\/p><\/blockquote>\n<p><script async src=\"https:\/\/platform.twitter.com\/widgets.js\" charset=\"utf-8\"><\/script><\/p>\n","protected":false},"excerpt":{"rendered":"<p>El lateral franc\u00e9s estaba molesto por unos comentarios en su contra<\/p>\n","protected":false},"author":160,"featured_media":507832,"comment_status":"closed","ping_status":"closed","sticky":false,"template":"","format":"standard","meta":[],"categories":[3839,9609,4],"tags":[516,1008,944,978,11029],"_links":{"self":[{"href":"http:\/\/desarrollo.grupomedios.com\/futbol\/wp-json\/wp\/v2\/posts\/507830"}],"collection":[{"href":"http:\/\/desarrollo.grupomedios.com\/futbol\/wp-json\/wp\/v2\/posts"}],"about":[{"href":"http:\/\/desarrollo.grupomedios.com\/futbol\/wp-json\/wp\/v2\/types\/post"}],"author":[{"embeddable":true,"href":"http:\/\/desarrollo.grupomedios.com\/futbol\/wp-json\/wp\/v2\/users\/160"}],"replies":[{"embeddable":true,"href":"http:\/\/desarrollo.grupomedios.com\/futbol\/wp-json\/wp\/v2\/comments?post=507830"}],"version-history":[{"count":1,"href":"http:\/\/desarrollo.grupomedios.com\/futbol\/wp-json\/wp\/v2\/posts\/507830\/revisions"}],"predecessor-version":[{"id":507833,"href":"http:\/\/desarrollo.grupomedios.com\/futbol\/wp-json\/wp\/v2\/posts\/507830\/revisions\/507833"}],"wp:featuredmedia":[{"embeddable":true,"href":"http:\/\/desarrollo.grupomedios.com\/futbol\/wp-json\/wp\/v2\/media\/507832"}],"wp:attachment":[{"href":"http:\/\/desarrollo.grupomedios.com\/futbol\/wp-json\/wp\/v2\/media?parent=507830"}],"wp:term":[{"taxonomy":"category","embeddable":true,"href":"http:\/\/desarrollo.grupomedios.com\/futbol\/wp-json\/wp\/v2\/categories?post=507830"},{"taxonomy":"post_tag","embeddable":true,"href":"http:\/\/desarrollo.grupomedios.com\/futbol\/wp-json\/wp\/v2\/tags?post=507830"}],"curies":[{"name":"wp","href":"https:\/\/api.w.org\/{rel}","templated":true}]}}