{"id":507831,"date":"2017-11-02T16:02:27","date_gmt":"2017-11-02T22:02:27","guid":{"rendered":"https:\/\/www.futboltotal.com.mx\/?p=507831"},"modified":"2017-11-02T16:02:27","modified_gmt":"2017-11-02T22:02:27","slug":"chivas-pondra-limite-a-sus-jugadores-abusar-la-fiesta","status":"publish","type":"post","link":"http:\/\/desarrollo.grupomedios.com\/futbol\/futbol-mexicano\/chivas-pondra-limite-a-sus-jugadores-abusar-la-fiesta\/2017\/11","title":{"rendered":"Chivas pondr\u00e1 l\u00edmite a sus jugadores por &#8220;abusar de la fiesta&#8221;"},"content":{"rendered":"<p>Luego del fracaso de las <strong>Chivas<\/strong> en el <strong>torneo de Apertura 2017<\/strong> y la<strong> Copa MX<\/strong>, la directiva del <strong>Reba\u00f1o<\/strong> ha decidido poner un alto a aquellos jugadores que durante este semestre han abusado de las fiestas.<\/p>\n<p>Y es que a pesar de que<strong> Mat\u00edas Almeyda<\/strong> quiere apoyar en todos a sus jugadores, el argentino no est\u00e1 del todo contento con las actitudes que han adoptado algunos, principalmente<strong> Rodolfo Pizarro<\/strong>, quien incluso err\u00f3 el penalti definitivo en los<span style=\"color: #3366ff;\"><a href=\"https:\/\/www.futboltotal.com.mx\/destacado-home\/chivas-3-atlante-5-copa-mx-penales-resumen\/2017\/10\"> Cuartos de Final de Copa MX frente al Atlante<\/a><\/span>.<\/p>\n<p style=\"text-align: center;\"><span style=\"color: #3366ff;\"><a href=\"https:\/\/www.futboltotal.com.mx\/futbol-mexicano\/liga-mx\/chivas-buscara-fichar-a-amaury-escoto-de-lobos-buap\/2017\/11\">VER M\u00c1S: Chivas buscar\u00e1 fichar a Amaury Escoto de Lobos BUAP<\/a><\/span><\/p>\n<p>Seg\u00fan cuenta la columna de<em> El Francotirador del Diario R\u00e9cord<\/em>,\u00a0la directiva no quiere hacerlo p\u00fablico para evitar que se incremente la pol\u00e9mica, pero la indisciplina se ha vuelto una constante en Chivas, ya que algunos jugadores han\u00a0agarrado la fiesta, tal como lo exhibi\u00f3 <strong>Alan Pulido<\/strong><span style=\"color: #3366ff;\"><a href=\"https:\/\/www.futboltotal.com.mx\/futbol-mexicano\/alan-pulido-de-fiesta-en-concierto-antes-de-accidente\/2017\/10\"> hace unos d\u00edas cuando choc\u00f3 su automovil<\/a><\/span>.<\/p>\n<p>Debido a esta situaci\u00f3n, <strong>Jorge Vergara<\/strong> y <strong>Jos\u00e9 Luis Higuera<\/strong>, en conjunto con Almeyda, analizan la salida de algunos jugadores que se tiraron a la hamaca o que han tenido una actitud que perjudic\u00f3 a la plantilla en este semestre.<\/p>\n<p style=\"text-align: center;\"><span style=\"color: #3366ff;\"><a href=\"https:\/\/www.futboltotal.com.mx\/futbol-mexicano\/liga-mx\/tono-rodriguez-sera-primer-refuerzo-chivas-clausura-2018\/2017\/11\">VER M\u00c1S: To\u00f1o Rodr\u00edguez ser\u00e1 el primer refuerzo de Chivas para el Clausura 2018<\/a><\/span><\/p>\n","protected":false},"excerpt":{"rendered":"<p>Algunos jugadores podr\u00edan salir del equipo para la pr\u00f3xima temporada.<\/p>\n","protected":false},"author":129,"featured_media":507834,"comment_status":"closed","ping_status":"closed","sticky":false,"template":"","format":"standard","meta":[],"categories":[2198,3845],"tags":[1607,8357,70,285,243,7368,64,989,4908],"_links":{"self":[{"href":"http:\/\/desarrollo.grupomedios.com\/futbol\/wp-json\/wp\/v2\/posts\/507831"}],"collection":[{"href":"http:\/\/desarrollo.grupomedios.com\/futbol\/wp-json\/wp\/v2\/posts"}],"about":[{"href":"http:\/\/desarrollo.grupomedios.com\/futbol\/wp-json\/wp\/v2\/types\/post"}],"author":[{"embeddable":true,"href":"http:\/\/desarrollo.grupomedios.com\/futbol\/wp-json\/wp\/v2\/users\/129"}],"replies":[{"embeddable":true,"href":"http:\/\/desarrollo.grupomedios.com\/futbol\/wp-json\/wp\/v2\/comments?post=507831"}],"version-history":[{"count":1,"href":"http:\/\/desarrollo.grupomedios.com\/futbol\/wp-json\/wp\/v2\/posts\/507831\/revisions"}],"predecessor-version":[{"id":507835,"href":"http:\/\/desarrollo.grupomedios.com\/futbol\/wp-json\/wp\/v2\/posts\/507831\/revisions\/507835"}],"wp:featuredmedia":[{"embeddable":true,"href":"http:\/\/desarrollo.grupomedios.com\/futbol\/wp-json\/wp\/v2\/media\/507834"}],"wp:attachment":[{"href":"http:\/\/desarrollo.grupomedios.com\/futbol\/wp-json\/wp\/v2\/media?parent=507831"}],"wp:term":[{"taxonomy":"category","embeddable":true,"href":"http:\/\/desarrollo.grupomedios.com\/futbol\/wp-json\/wp\/v2\/categories?post=507831"},{"taxonomy":"post_tag","embeddable":true,"href":"http:\/\/desarrollo.grupomedios.com\/futbol\/wp-json\/wp\/v2\/tags?post=507831"}],"curies":[{"name":"wp","href":"https:\/\/api.w.org\/{rel}","templated":true}]}}