{"id":507837,"date":"2017-11-02T17:07:24","date_gmt":"2017-11-02T23:07:24","guid":{"rendered":"https:\/\/www.futboltotal.com.mx\/?p=507837"},"modified":"2017-11-02T17:07:24","modified_gmt":"2017-11-02T23:07:24","slug":"aviles-hurtado-sera-convocado-colombia-se-olvida-del-tri","status":"publish","type":"post","link":"http:\/\/desarrollo.grupomedios.com\/futbol\/futbol-mexicano\/aviles-hurtado-sera-convocado-colombia-se-olvida-del-tri\/2017\/11","title":{"rendered":"Avil\u00e9s Hurtado, convocado por Colombia y se olvida del Tri"},"content":{"rendered":"<p><strong>POR: STAFF FT<\/strong><\/p>\n<p><strong>Antonio Mohamed<\/strong>, actual estratega de <strong>Rayados de Monterrey<\/strong> lanz\u00f3 unas declaraciones que dejaron entrever que el colombiano,<strong> Avil\u00e9s Hurtado<\/strong>, quien hab\u00eda estado sonando como un llamado sorpresa para la Selecci\u00f3n Mexicana, ser\u00eda convocado con Colombia para los partidos amistosos que se disputar\u00e1n en la pr\u00f3xima <strong>fecha FIFA<\/strong>, lo que dejar\u00eda al combinado Tricolor sin oportunidad.<\/p>\n<p>\u201cNo s\u00e9 con qu\u00e9 jugadores voy a contar,<strong> algunos se van a jugar a China, otros a Europa<\/strong> y van a llegar el jueves cansados. Son bastantes y algunos que no estaban ni pensados van a ser convocados\u201d mencion\u00f3 el estratega argentino, refiri\u00e9ndose a los encuentros ante <strong>Santos<\/strong> en la<strong> Liga MX<\/strong> y frente a <strong>Am\u00e9rica<\/strong> por la semifinal de la<strong> Copa MX<\/strong>.<\/p>\n<p style=\"text-align: center;\"><a href=\"https:\/\/www.futboltotal.com.mx\/futbol-mexicano\/liga-mx\/la-rebel-explota-contra-jugadores-pumas\/2017\/11\" target=\"_blank\" rel=\"noopener\">VER M\u00c1S: La Rebel explota contra jugadores de Pumas y los encara<\/a><\/p>\n<p>Colombia disputar\u00e1 dos amistosos, el primero ante Corea del Sur, el 10 de noviembre y otro ante China el 14 de noviembre, y todo parece indicar que tres jugadores de Rayados ir\u00edan a esos partidos;<strong>\u00a0Dorlan Pab\u00f3n, Steffan Medina y Avil\u00e9s Hurtado<\/strong>.<\/p>\n<p>En una entrevista para ESPN, el futbolista indico que: &#8220;<strong>Mi sue\u00f1o siempre ha sido\u00a0Colombia<\/strong>. Es un sue\u00f1o\u00a0que tengo latente que estamos m\u00e1s cerca, tenemos que seguir trabajando para que se presente esa oportunidad y aprovecharla al m\u00e1ximo&#8221;. Aunque en la misma entrevista dej\u00f3 en claro que le dejaba todo a Dios y no descartaba jugar con el Tri, pero con este llamado se decantar\u00eda por su pa\u00eds de origen.<\/p>\n<p style=\"text-align: center;\"><a href=\"https:\/\/www.futboltotal.com.mx\/futbol-mexicano\/liga-mx\/chivas-buscara-fichar-a-amaury-escoto-de-lobos-buap\/2017\/11\" target=\"_blank\" rel=\"noopener\">VER M\u00c1S: Chivas tendr\u00e1 refuerzo de Lobos BUAP<\/a><\/p>\n","protected":false},"excerpt":{"rendered":"<p>El delantero ir\u00eda con Colombia a los encuentros amistosos de fecha FIFA<\/p>\n","protected":false},"author":159,"featured_media":507840,"comment_status":"closed","ping_status":"closed","sticky":false,"template":"","format":"standard","meta":[],"categories":[2198,3847],"tags":[2069,6005,65,497,409],"_links":{"self":[{"href":"http:\/\/desarrollo.grupomedios.com\/futbol\/wp-json\/wp\/v2\/posts\/507837"}],"collection":[{"href":"http:\/\/desarrollo.grupomedios.com\/futbol\/wp-json\/wp\/v2\/posts"}],"about":[{"href":"http:\/\/desarrollo.grupomedios.com\/futbol\/wp-json\/wp\/v2\/types\/post"}],"author":[{"embeddable":true,"href":"http:\/\/desarrollo.grupomedios.com\/futbol\/wp-json\/wp\/v2\/users\/159"}],"replies":[{"embeddable":true,"href":"http:\/\/desarrollo.grupomedios.com\/futbol\/wp-json\/wp\/v2\/comments?post=507837"}],"version-history":[{"count":1,"href":"http:\/\/desarrollo.grupomedios.com\/futbol\/wp-json\/wp\/v2\/posts\/507837\/revisions"}],"predecessor-version":[{"id":507841,"href":"http:\/\/desarrollo.grupomedios.com\/futbol\/wp-json\/wp\/v2\/posts\/507837\/revisions\/507841"}],"wp:featuredmedia":[{"embeddable":true,"href":"http:\/\/desarrollo.grupomedios.com\/futbol\/wp-json\/wp\/v2\/media\/507840"}],"wp:attachment":[{"href":"http:\/\/desarrollo.grupomedios.com\/futbol\/wp-json\/wp\/v2\/media?parent=507837"}],"wp:term":[{"taxonomy":"category","embeddable":true,"href":"http:\/\/desarrollo.grupomedios.com\/futbol\/wp-json\/wp\/v2\/categories?post=507837"},{"taxonomy":"post_tag","embeddable":true,"href":"http:\/\/desarrollo.grupomedios.com\/futbol\/wp-json\/wp\/v2\/tags?post=507837"}],"curies":[{"name":"wp","href":"https:\/\/api.w.org\/{rel}","templated":true}]}}