{"id":507859,"date":"2017-11-03T09:22:50","date_gmt":"2017-11-03T15:22:50","guid":{"rendered":"https:\/\/www.futboltotal.com.mx\/?p=507859"},"modified":"2017-11-03T16:05:29","modified_gmt":"2017-11-03T22:05:29","slug":"te-acuerdas-la-pelea-cruz-azul-morelia-2011","status":"publish","type":"post","link":"http:\/\/desarrollo.grupomedios.com\/futbol\/futbol-mexicano\/te-acuerdas-la-pelea-cruz-azul-morelia-2011\/2017\/11","title":{"rendered":"\u00bfTe acuerdas de&#8230; la pelea entre Cruz Azul y Morelia de 2011?"},"content":{"rendered":"<p><strong>Monarcas Morelia<\/strong> y <strong>Cruz Azul<\/strong> se enfrentan en la cancha del <strong>estadio Morelos<\/strong> esta Jornada 16 del <strong>Apertura 2017<\/strong>, donde <em>La M\u00e1quina<\/em> no la ha pasado nada bien en los \u00faltimos a\u00f1os.<\/p>\n<p>Sin embargo, ning\u00fan momento tan complicado y bochornoso como el que se vivi\u00f3 en las semifinales del <strong>Clausura 2011<\/strong>, donde los <em>Cementeros<\/em> quedaron eliminados a manos de los pur\u00e9pechas.<\/p>\n<p style=\"text-align: center;\"><a href=\"https:\/\/www.futboltotal.com.mx\/futbol-mexicano\/seleccion-mexicana\/femexfut-en-charlas-renovar-a-juan-carlos-osorio\/2017\/11\" target=\"_blank\" rel=\"noopener\"><span style=\"color: #333399;\">VER M\u00c1S: Femexfut, en charlas para renovar a Juan Carlos Osorio<\/span><\/a><\/p>\n<p>El ingreso de un aficionado provoc\u00f3 un gran pleito entre <strong>Christian &#8216;Chaco&#8217; Gim\u00e9nez<\/strong> y el seguidor que se meti\u00f3 a la cancha.<\/p>\n<p>Jugadores de Monarcas y Cruz Azul se enfrentaron entre s\u00ed, y entre eso, un cabezazo brutal de Jos\u00e9 de Jes\u00fas Corona al entonces preparador f\u00edsico de Morelia, Sergio Mart\u00edn.<\/p>\n<p><script type=\"text\/javascript\" src=\"\/\/cdn.playbuzz.com\/widget\/feed.js\"><\/script><\/p>\n<div class=\"pb_feed\" data-embed-by=\"d43f3879-83ed-40bc-99d7-fde80605466f\" data-item=\"a746dc27-7012-4d51-8667-e34ced2455ae\" data-recommend=\"false\" data-game-info=\"false\" data-comments=\"false\" data-version=\"2\"><\/div>\n","protected":false},"excerpt":{"rendered":"<p>Christian Gim\u00e9nez tuvo una reacci\u00f3n reprobable tras el ingreso de un aficionado al campo.<\/p>\n","protected":false},"author":160,"featured_media":507860,"comment_status":"closed","ping_status":"closed","sticky":false,"template":"","format":"standard","meta":[],"categories":[2198,3845],"tags":[8357,11031,5962,4580,64,5967,1711],"_links":{"self":[{"href":"http:\/\/desarrollo.grupomedios.com\/futbol\/wp-json\/wp\/v2\/posts\/507859"}],"collection":[{"href":"http:\/\/desarrollo.grupomedios.com\/futbol\/wp-json\/wp\/v2\/posts"}],"about":[{"href":"http:\/\/desarrollo.grupomedios.com\/futbol\/wp-json\/wp\/v2\/types\/post"}],"author":[{"embeddable":true,"href":"http:\/\/desarrollo.grupomedios.com\/futbol\/wp-json\/wp\/v2\/users\/160"}],"replies":[{"embeddable":true,"href":"http:\/\/desarrollo.grupomedios.com\/futbol\/wp-json\/wp\/v2\/comments?post=507859"}],"version-history":[{"count":3,"href":"http:\/\/desarrollo.grupomedios.com\/futbol\/wp-json\/wp\/v2\/posts\/507859\/revisions"}],"predecessor-version":[{"id":507902,"href":"http:\/\/desarrollo.grupomedios.com\/futbol\/wp-json\/wp\/v2\/posts\/507859\/revisions\/507902"}],"wp:featuredmedia":[{"embeddable":true,"href":"http:\/\/desarrollo.grupomedios.com\/futbol\/wp-json\/wp\/v2\/media\/507860"}],"wp:attachment":[{"href":"http:\/\/desarrollo.grupomedios.com\/futbol\/wp-json\/wp\/v2\/media?parent=507859"}],"wp:term":[{"taxonomy":"category","embeddable":true,"href":"http:\/\/desarrollo.grupomedios.com\/futbol\/wp-json\/wp\/v2\/categories?post=507859"},{"taxonomy":"post_tag","embeddable":true,"href":"http:\/\/desarrollo.grupomedios.com\/futbol\/wp-json\/wp\/v2\/tags?post=507859"}],"curies":[{"name":"wp","href":"https:\/\/api.w.org\/{rel}","templated":true}]}}