{"id":507873,"date":"2017-11-03T07:49:16","date_gmt":"2017-11-03T13:49:16","guid":{"rendered":"https:\/\/www.futboltotal.com.mx\/?p=507873"},"modified":"2017-11-03T07:49:16","modified_gmt":"2017-11-03T13:49:16","slug":"belgica-da-lista-amistoso-ante-mexico-algunas-sorpresas","status":"publish","type":"post","link":"http:\/\/desarrollo.grupomedios.com\/futbol\/futbol-mexicano\/belgica-da-lista-amistoso-ante-mexico-algunas-sorpresas\/2017\/11","title":{"rendered":"B\u00e9lgica da lista para amistoso ante M\u00e9xico con algunas sorpresas"},"content":{"rendered":"<div id=\"texto\" class=\"texto_txt\">\n<div class=\"DETALLE_N_texto \">\n<p><strong>POR: EFE<\/strong><\/p>\n<p><span id=\"ctl14_lblMostra\">El seleccionador de <strong>B\u00e9lgica<\/strong>, el espa\u00f1ol <strong>Roberto Mart\u00ednez<\/strong>, dio a conocer la convocatoria para los partidos amistosos que disputar\u00e1n contra <strong>M\u00e9xico<\/strong> y <strong>Jap\u00f3n<\/strong> los pr\u00f3ximos 10 y 14 de noviembre, respectivamente, la cual cuenta con algunas sorpresas pese a que incluye a la columna vertebral de los\u00a0<em><strong>Diablos Rojos<\/strong><\/em>, aunque tendr\u00e1 ausencias como la del atacante del <strong>Manchester City<\/strong>, <strong>Kevin de Bruyne<\/strong>.<\/span><\/p>\n<p><span id=\"ctl14_lblMostra\">El conjunto belga convoc\u00f3 al defensa del <strong>Barcelona<\/strong>, <strong>Thomas Vermaelen<\/strong>, quien apenas ha podido ver actividad en escasos partidos con el cuadro blaugrana por culpa de las lesiones, y al centrocampista de la <strong>Real Sociedad<\/strong>, <strong>Adnan Januzaj<\/strong>, un jugador que ha levantado su nivel de juego tras su llegada al cuadro <em><strong>Txuri-urdin<\/strong><\/em> y quitarle el puesto al mexicano <strong>Carlos Vela<\/strong>.<\/span><\/p>\n<p>&#8220;Seguimos a Januzaj de cerca. Su inicio de temporada ha sido muy positivo y puede ocupar diferentes posiciones. Adem\u00e1s, <strong>Yannick Carrasco<\/strong> (<strong>Atl\u00e9tico de Madrid<\/strong>) est\u00e1 lesionado y creo que Januzaj puede cumplir su papel&#8221;, declar\u00f3 Mart\u00ednez en rueda de prensa.<\/p>\n<p style=\"text-align: center;\"><a href=\"https:\/\/www.futboltotal.com.mx\/futbol-mexicano\/seleccion-mexicana\/mexico-dio-a-conocer-playera-mundial-rusia-2018\/2017\/11\" target=\"_blank\" rel=\"noopener\"><span style=\"color: #333399;\">VER M\u00c1S: M\u00e9xico dio a conocer el jersey para Mundial Rusia 2018<\/span><\/a><\/p>\n<p>&nbsp;<\/p>\n<blockquote class=\"twitter-tweet\" data-lang=\"es\">\n<p dir=\"ltr\" lang=\"en\">&#x1f4dd; Our squad list for Mexico (10\/11) &amp; Japan (14\/11) ! <a href=\"https:\/\/twitter.com\/hashtag\/BELMEX?src=hash&amp;ref_src=twsrc%5Etfw\">#BELMEX<\/a> <a href=\"https:\/\/twitter.com\/hashtag\/BELJAP?src=hash&amp;ref_src=twsrc%5Etfw\">#BELJAP<\/a> <a href=\"https:\/\/twitter.com\/hashtag\/RoadtoRussia?src=hash&amp;ref_src=twsrc%5Etfw\">#RoadtoRussia<\/a> <a href=\"https:\/\/t.co\/jlq98O4tB8\">pic.twitter.com\/jlq98O4tB8<\/a><\/p>\n<p>\u2014 BelgianRedDevils (@BelRedDevils) <a href=\"https:\/\/twitter.com\/BelRedDevils\/status\/926405902634225664?ref_src=twsrc%5Etfw\">3 de noviembre de 2017<\/a><\/p><\/blockquote>\n<p><script async src=\"https:\/\/platform.twitter.com\/widgets.js\" charset=\"utf-8\"><\/script><\/p>\n<p><span id=\"ctl14_lblMostra\">El t\u00e9cnico espa\u00f1ol record\u00f3 que la selecci\u00f3n belga tiene varios jugadores lesionados y que los partidos contra Jap\u00f3n y la <strong>Selecci\u00f3n Mexicana<\/strong> suponen una oportunidad para probar a futbolistas menos habituales en las convocatorias.<\/span><\/p>\n<p>&#8220;M\u00e9xico y Jap\u00f3n son buenos rivales para nosotros, sobre todo con vistas al Mundial. Nos va a permitir enfrentarnos a diferentes (tipos de) f\u00fatbol&#8221;, dijo.<\/p>\n<p>Mart\u00ednez agreg\u00f3 que el t\u00e9cnico del <strong>Tri<\/strong>, el colombiano <strong>Juan Carlos Osorio<\/strong>, es &#8220;un gran entrenador, capaz de hacer jugar a su equipo con diferentes sistemas&#8221;.<\/p>\n<p>B\u00e9lgica disputar\u00e1 esos disputar\u00e1 como local esos partidos contra Jap\u00f3n y M\u00e9xico como preparaci\u00f3n para el Mundial de Rusia de 2018, torneo para el que los Diablos Rojos ya est\u00e1n clasificados.<\/p>\n<p>&#8220;Vamos a intentar cosas en esos partidos, debemos ser flexibles m\u00e1s all\u00e1 del sistema&#8221;, avanz\u00f3 Mart\u00ednez.<\/p>\n<p><strong>Lista completa de B\u00e9lgica:<\/strong><\/p>\n<p>&#8211; Porteros: Koen Casteels (Wolfsburgo\/ALE), Thibaut Courtois (Chelsea\/ING), Simon Mignolet (Liverpool\/ING), Matz Sels (Anderlecht\/BEL).<\/p>\n<p>&#8211; Defensas: Dedryck Boyata (Celtic Glasgow\/ESC), Laurent Ciman (Montr\u00e9al Impact\/CAN), Leander Dendoncker (Anderlecht\/BEL), Christian Kabasele (Watford\/ING), Jordan Lukaku (Lazio Roma\/ITA), Thomas Meunier (Par\u00eds Saint-Germain\/FRA), Thomas Vermaelen (Barcelone\/ESP), Jan Vertonghen (Tottenham Hotspur\/ING).<\/p>\n<p>&#8211; Centrocampistas: Nacer Chadli (West Bromwich\/ING), Kevin De Bruyne (Manchester City\/ING), Steven Defour (Burnley\/ING), Mousa Dembele (Tottenham\/ING), Adnan Januzaj (Real Sociedad\/ESP), Radja Nainngolan (AS Roma\/ITA), Youri Tielemans (AS M\u00f3naco\/FRA), Axel Witsel (Tianjin Quanjian\/CHN).<\/p>\n<p>&#8211; Delanteros: Michy Batshuayi (Chelsea\/ING), Laurent Depoitre (Huddersfield\/ING), Eden Hazard (Chelsea\/ING), Thorgan Hazard (Borussia M\u00f6nchengladbach\/ALE), Romelu Lukaku (Manchester United\/ING), Dries Mertens (N\u00e1poles\/ITA), Kevin Mirallas (Everton\/ING), Divock Origi (Liverpool\/ING).<\/p>\n<\/div>\n<\/div>\n","protected":false},"excerpt":{"rendered":"<p>Algunas ausencias y regresos de los Diablos Rojos se ver\u00e1n ante el Tri.<\/p>\n","protected":false},"author":154,"featured_media":507875,"comment_status":"closed","ping_status":"closed","sticky":false,"template":"","format":"standard","meta":[],"categories":[3839,2198,3847],"tags":[4494,599,6196,65,2501,6305],"_links":{"self":[{"href":"http:\/\/desarrollo.grupomedios.com\/futbol\/wp-json\/wp\/v2\/posts\/507873"}],"collection":[{"href":"http:\/\/desarrollo.grupomedios.com\/futbol\/wp-json\/wp\/v2\/posts"}],"about":[{"href":"http:\/\/desarrollo.grupomedios.com\/futbol\/wp-json\/wp\/v2\/types\/post"}],"author":[{"embeddable":true,"href":"http:\/\/desarrollo.grupomedios.com\/futbol\/wp-json\/wp\/v2\/users\/154"}],"replies":[{"embeddable":true,"href":"http:\/\/desarrollo.grupomedios.com\/futbol\/wp-json\/wp\/v2\/comments?post=507873"}],"version-history":[{"count":1,"href":"http:\/\/desarrollo.grupomedios.com\/futbol\/wp-json\/wp\/v2\/posts\/507873\/revisions"}],"predecessor-version":[{"id":507878,"href":"http:\/\/desarrollo.grupomedios.com\/futbol\/wp-json\/wp\/v2\/posts\/507873\/revisions\/507878"}],"wp:featuredmedia":[{"embeddable":true,"href":"http:\/\/desarrollo.grupomedios.com\/futbol\/wp-json\/wp\/v2\/media\/507875"}],"wp:attachment":[{"href":"http:\/\/desarrollo.grupomedios.com\/futbol\/wp-json\/wp\/v2\/media?parent=507873"}],"wp:term":[{"taxonomy":"category","embeddable":true,"href":"http:\/\/desarrollo.grupomedios.com\/futbol\/wp-json\/wp\/v2\/categories?post=507873"},{"taxonomy":"post_tag","embeddable":true,"href":"http:\/\/desarrollo.grupomedios.com\/futbol\/wp-json\/wp\/v2\/tags?post=507873"}],"curies":[{"name":"wp","href":"https:\/\/api.w.org\/{rel}","templated":true}]}}