{"id":507883,"date":"2017-11-03T08:52:19","date_gmt":"2017-11-03T14:52:19","guid":{"rendered":"https:\/\/www.futboltotal.com.mx\/?p=507883"},"modified":"2017-11-03T08:52:19","modified_gmt":"2017-11-03T14:52:19","slug":"cruz-azul-iria-pedro-caixihna-sale-jemez","status":"publish","type":"post","link":"http:\/\/desarrollo.grupomedios.com\/futbol\/futbol-mexicano\/cruz-azul-iria-pedro-caixihna-sale-jemez\/2017\/11","title":{"rendered":"Cruz Azul ir\u00eda por Pedro Caixihna si sale J\u00e9mez"},"content":{"rendered":"<p>A pesar de que a\u00fan no se termina el<strong> Apertura 2017<\/strong>, parece que el futuro de <strong>Paco J\u00e9mez<\/strong> no ser\u00e1 en<strong> Cruz Azul<\/strong> para la pr\u00f3xima temporada y la directiva cementera ya comienza a buscar entrenadores si el espa\u00f1ol sale.<\/p>\n<p>La dirigencia de <strong>La M\u00e1quina<\/strong> buscar\u00eda traer otro entrenador de Europa y es un viejo conocido, pues <strong>Pedro Caixinha<\/strong> estar\u00eda siendo buscado para tomar las riendas del equipo el pr\u00f3ximo <strong>Clausura 2018<\/strong>.<\/p>\n<p style=\"text-align: center;\"><span style=\"color: #3366ff;\"><a href=\"https:\/\/www.futboltotal.com.mx\/futbol-internacional\/liga-de-espana\/jose-mourinho-declaro-en-madrid-presunto-fraude-fiscal\/2017\/11\">VER M\u00c1S: Jos\u00e9 Mourinho declar\u00f3 en Madrid por presunto fraude fiscal<\/a><\/span><\/p>\n<p>Seg\u00fan informa el periodista David Medrano,\u00a0el nombre que m\u00e1s les llena a los cementeros es el del portugu\u00e9s Caixinha, quien acaba de ser despedido en el futbol de Escocia.<\/p>\n<p>Todo esto indicia que en Cruz Azul ir\u00edan de nueva cuenta al mercado extranjero, toda vez que la mayor\u00eda de los que esperan turno en M\u00e9xico ya pasaron por la instituci\u00f3n (Rub\u00e9n Omar Romano, Tom\u00e1s Boy, Benjam\u00edn Galindo, Alfonso Sosa, Sergio Bueno y Guillermo V\u00e1zquez).<\/p>\n","protected":false},"excerpt":{"rendered":"<p>La M\u00e1quina buscar\u00eda entrenador en el extranjero.<\/p>\n","protected":false},"author":129,"featured_media":477386,"comment_status":"closed","ping_status":"closed","sticky":false,"template":"","format":"standard","meta":[],"categories":[2198,3845],"tags":[9028,5962,7053,1968],"_links":{"self":[{"href":"http:\/\/desarrollo.grupomedios.com\/futbol\/wp-json\/wp\/v2\/posts\/507883"}],"collection":[{"href":"http:\/\/desarrollo.grupomedios.com\/futbol\/wp-json\/wp\/v2\/posts"}],"about":[{"href":"http:\/\/desarrollo.grupomedios.com\/futbol\/wp-json\/wp\/v2\/types\/post"}],"author":[{"embeddable":true,"href":"http:\/\/desarrollo.grupomedios.com\/futbol\/wp-json\/wp\/v2\/users\/129"}],"replies":[{"embeddable":true,"href":"http:\/\/desarrollo.grupomedios.com\/futbol\/wp-json\/wp\/v2\/comments?post=507883"}],"version-history":[{"count":2,"href":"http:\/\/desarrollo.grupomedios.com\/futbol\/wp-json\/wp\/v2\/posts\/507883\/revisions"}],"predecessor-version":[{"id":507891,"href":"http:\/\/desarrollo.grupomedios.com\/futbol\/wp-json\/wp\/v2\/posts\/507883\/revisions\/507891"}],"wp:featuredmedia":[{"embeddable":true,"href":"http:\/\/desarrollo.grupomedios.com\/futbol\/wp-json\/wp\/v2\/media\/477386"}],"wp:attachment":[{"href":"http:\/\/desarrollo.grupomedios.com\/futbol\/wp-json\/wp\/v2\/media?parent=507883"}],"wp:term":[{"taxonomy":"category","embeddable":true,"href":"http:\/\/desarrollo.grupomedios.com\/futbol\/wp-json\/wp\/v2\/categories?post=507883"},{"taxonomy":"post_tag","embeddable":true,"href":"http:\/\/desarrollo.grupomedios.com\/futbol\/wp-json\/wp\/v2\/tags?post=507883"}],"curies":[{"name":"wp","href":"https:\/\/api.w.org\/{rel}","templated":true}]}}