{"id":507901,"date":"2017-11-03T10:06:46","date_gmt":"2017-11-03T16:06:46","guid":{"rendered":"https:\/\/www.futboltotal.com.mx\/?p=507901"},"modified":"2017-11-03T10:06:46","modified_gmt":"2017-11-03T16:06:46","slug":"revelan-relacion-neymar-emery-estaria-rota-en-psg","status":"publish","type":"post","link":"http:\/\/desarrollo.grupomedios.com\/futbol\/futbol-internacional\/revelan-relacion-neymar-emery-estaria-rota-en-psg\/2017\/11","title":{"rendered":"Revelan que relaci\u00f3n de Neymar con Emery estar\u00eda rota en PSG"},"content":{"rendered":"<p>A pesar de que en el campo,<strong> Neymar<\/strong> ha demostrado su calidad en los triunfos del<strong> PSG<\/strong>, parece que su relaci\u00f3n con el t\u00e9cnico espa\u00f1ol, <strong>Unai Emery<\/strong>, est\u00e1 rota.<\/p>\n<p>Seg\u00fan el diario franc\u00e9s <em>Le Parisien<\/em>, apunta que el futbolista brasile\u00f1o no aguanta al entrenador del<strong> Paris-Saint Germain<\/strong> y no pierde la ocasi\u00f3n de demostrarlo en el d\u00eda a d\u00eda.<\/p>\n<p>Pocas fechas despu\u00e9s de que se filtrase su a\u00f1oranza de <strong>Barcelona<\/strong> y su arrepentimiento por haber abandonado el <em>Bar\u00e7a<\/em> el \u00faltimo verano, en una informaci\u00f3n que ni el jugador ni su entorno se encargaron de desmentir, sus diferencias con Emery acuden al plano y ponen de manifiesto la dif\u00edcil convivencia entre ambos, hasta el punto que se sospecha que se estar\u00eda cerca de un ultim\u00e1tum.<\/p>\n<p style=\"text-align: center;\"><span style=\"color: #3366ff;\"><a href=\"https:\/\/www.futboltotal.com.mx\/futbol-mexicano\/seleccion-mexicana\/femexfut-en-charlas-renovar-a-juan-carlos-osorio\/2017\/11\">VER M\u00c1S: Femexfut, en charlas para renovar a Juan Carlos Osorio<\/a><\/span><\/p>\n<p>\u201cLa relaci\u00f3n entre Neymar y Emery sufre diferentes roces desde hace semanas\u201d asegur\u00f3 en su informaci\u00f3n <em>Le Parisien<\/em>, advirtiendo que no estando en un punto sin retorno s\u00ed empeora, por cuando la estrella brasile\u00f1a no se adapta a los m\u00e9todos de su entrenador.<\/p>\n<p>El diario a\u00f1ade que esta frialdad no es exclusiva del ex jugador del Bar\u00e7a porque \u201c<strong>Dani Alves<\/strong> tampoco pronuncia nunca el nombre de Emery, quien tampoco disfruta de una buena relaci\u00f3n con<strong> Thiago Silva<\/strong> y<strong> Lucas,<\/strong> otros dos amigos de Neymar\u201d descubriendo que solo los buenos resultados, de momento, mantienen el orden en el Parque de los Pr\u00edncipes.<\/p>\n<p>El disgusto de Neymar se centra en la poca consideraci\u00f3n que, entiende, recibe por parte del entrenador espa\u00f1ol. \u201cNo se siente estimado, mimado por su condici\u00f3n de estrella\u201d detalla el diario galo, que devuelve al escenario las diferencias entre el crack brasile\u00f1o y<strong> Edinson Cavani<\/strong>.<\/p>\n<p>El PSG, oficialmente, se mantiene mudo y no se ha mostrado p\u00fablicamente, por m\u00e1s que el presidente <strong>Al-Khelaifi<\/strong> s\u00ed ha expresado su apoyo incondicional al futbolista brasile\u00f1o en un evidente mensaje a todo el mundo.<\/p>\n","protected":false},"excerpt":{"rendered":"<p>El brasile\u00f1o estar\u00eda molesto con el t\u00e9cnico espa\u00f1ol.<\/p>\n","protected":false},"author":129,"featured_media":507906,"comment_status":"closed","ping_status":"closed","sticky":false,"template":"","format":"standard","meta":[],"categories":[3839,9609],"tags":[5984,2449,5983,6001,114,5725],"_links":{"self":[{"href":"http:\/\/desarrollo.grupomedios.com\/futbol\/wp-json\/wp\/v2\/posts\/507901"}],"collection":[{"href":"http:\/\/desarrollo.grupomedios.com\/futbol\/wp-json\/wp\/v2\/posts"}],"about":[{"href":"http:\/\/desarrollo.grupomedios.com\/futbol\/wp-json\/wp\/v2\/types\/post"}],"author":[{"embeddable":true,"href":"http:\/\/desarrollo.grupomedios.com\/futbol\/wp-json\/wp\/v2\/users\/129"}],"replies":[{"embeddable":true,"href":"http:\/\/desarrollo.grupomedios.com\/futbol\/wp-json\/wp\/v2\/comments?post=507901"}],"version-history":[{"count":1,"href":"http:\/\/desarrollo.grupomedios.com\/futbol\/wp-json\/wp\/v2\/posts\/507901\/revisions"}],"predecessor-version":[{"id":507907,"href":"http:\/\/desarrollo.grupomedios.com\/futbol\/wp-json\/wp\/v2\/posts\/507901\/revisions\/507907"}],"wp:featuredmedia":[{"embeddable":true,"href":"http:\/\/desarrollo.grupomedios.com\/futbol\/wp-json\/wp\/v2\/media\/507906"}],"wp:attachment":[{"href":"http:\/\/desarrollo.grupomedios.com\/futbol\/wp-json\/wp\/v2\/media?parent=507901"}],"wp:term":[{"taxonomy":"category","embeddable":true,"href":"http:\/\/desarrollo.grupomedios.com\/futbol\/wp-json\/wp\/v2\/categories?post=507901"},{"taxonomy":"post_tag","embeddable":true,"href":"http:\/\/desarrollo.grupomedios.com\/futbol\/wp-json\/wp\/v2\/tags?post=507901"}],"curies":[{"name":"wp","href":"https:\/\/api.w.org\/{rel}","templated":true}]}}