{"id":507908,"date":"2017-11-03T10:26:28","date_gmt":"2017-11-03T16:26:28","guid":{"rendered":"https:\/\/www.futboltotal.com.mx\/?p=507908"},"modified":"2017-11-03T10:26:28","modified_gmt":"2017-11-03T16:26:28","slug":"jonathan-fabbro-acusado-nuevamente-abusar-una-menor","status":"publish","type":"post","link":"http:\/\/desarrollo.grupomedios.com\/futbol\/futbol-mexicano\/jonathan-fabbro-acusado-nuevamente-abusar-una-menor\/2017\/11","title":{"rendered":"Jonathan Fabbro, acusado nuevamente por abusar de una menor"},"content":{"rendered":"<p>El delantero de<strong> Lobos BUAP<\/strong> ,<strong> Jonathan Fabrr<\/strong>o, ha sido acusado nuevamente en un esc\u00e1ndalo tras ser denunciado por otro delito de acoso sexual, nuevamente a una menor.<\/p>\n<p>Fabbro fue denunciado en <strong>Asunci\u00f3n<\/strong> por abusar de una segunda menor, seg\u00fan confirmaron fuentes judiciales en<strong> Paraguay<\/strong> al sitio informativo, <em>Infobae<\/em>.<\/p>\n<p style=\"text-align: center;\"><span style=\"color: #3366ff;\"><a href=\"https:\/\/www.futboltotal.com.mx\/futbol-mexicano\/seleccion-mexicana\/femexfut-en-charlas-renovar-a-juan-carlos-osorio\/2017\/11\">VER M\u00c1S: Femexfut, en charlas para renovar a Juan Carlos Osorio<\/a><\/span><\/p>\n<p>La madre de la ni\u00f1a fue quien present\u00f3 la denuncia. La presunta v\u00edctima no ser\u00eda una familiar de Fabbro: su familia ser\u00eda parte del entorno m\u00e1s directo de<strong> Larissa Riquelme<\/strong>, su novia.<\/p>\n<p>Por lo pronto, no se conocen los detalles de la presentaci\u00f3n en contra del futbolista, solo su existencia. La ni\u00f1a habr\u00eda sido atacada hace dos a\u00f1os.<\/p>\n<p>Hace un par de meses, Fabbro hab\u00eda sido acusado de abusar de su ahijada, hoy de once a\u00f1os de edad. La causa penal, que tramita en el Juzgado N\u00b032 a cargo del doctor Santiago Quian Zaval\u00eda, en la Justicia porte\u00f1a, fue iniciada por el abogado querellante Gast\u00f3n Marano.<\/p>\n<p>Hasta ahora ni el jugador argentino ni los Lobos se han pronunciado al resepecto.<\/p>\n<p style=\"text-align: center;\"><span style=\"color: #3366ff;\"><a href=\"https:\/\/www.futboltotal.com.mx\/futbol-mexicano\/liga-mx\/gignac-confeso-que-penso-golpear-a-arbitro-en-final-vs-chivas\/2017\/11\">VER M\u00c1S: Gignac confes\u00f3 que pens\u00f3 golpear a \u00e1rbitro en final vs Chivas<\/a><\/span><\/p>\n","protected":false},"excerpt":{"rendered":"<p>El argentino fue acusado en Paraguay.<\/p>\n","protected":false},"author":129,"featured_media":507909,"comment_status":"closed","ping_status":"closed","sticky":false,"template":"","format":"standard","meta":[],"categories":[2198,3845],"tags":[8357,4126,4507,64,431,664],"_links":{"self":[{"href":"http:\/\/desarrollo.grupomedios.com\/futbol\/wp-json\/wp\/v2\/posts\/507908"}],"collection":[{"href":"http:\/\/desarrollo.grupomedios.com\/futbol\/wp-json\/wp\/v2\/posts"}],"about":[{"href":"http:\/\/desarrollo.grupomedios.com\/futbol\/wp-json\/wp\/v2\/types\/post"}],"author":[{"embeddable":true,"href":"http:\/\/desarrollo.grupomedios.com\/futbol\/wp-json\/wp\/v2\/users\/129"}],"replies":[{"embeddable":true,"href":"http:\/\/desarrollo.grupomedios.com\/futbol\/wp-json\/wp\/v2\/comments?post=507908"}],"version-history":[{"count":1,"href":"http:\/\/desarrollo.grupomedios.com\/futbol\/wp-json\/wp\/v2\/posts\/507908\/revisions"}],"predecessor-version":[{"id":507910,"href":"http:\/\/desarrollo.grupomedios.com\/futbol\/wp-json\/wp\/v2\/posts\/507908\/revisions\/507910"}],"wp:featuredmedia":[{"embeddable":true,"href":"http:\/\/desarrollo.grupomedios.com\/futbol\/wp-json\/wp\/v2\/media\/507909"}],"wp:attachment":[{"href":"http:\/\/desarrollo.grupomedios.com\/futbol\/wp-json\/wp\/v2\/media?parent=507908"}],"wp:term":[{"taxonomy":"category","embeddable":true,"href":"http:\/\/desarrollo.grupomedios.com\/futbol\/wp-json\/wp\/v2\/categories?post=507908"},{"taxonomy":"post_tag","embeddable":true,"href":"http:\/\/desarrollo.grupomedios.com\/futbol\/wp-json\/wp\/v2\/tags?post=507908"}],"curies":[{"name":"wp","href":"https:\/\/api.w.org\/{rel}","templated":true}]}}