{"id":507911,"date":"2017-11-03T12:31:31","date_gmt":"2017-11-03T18:31:31","guid":{"rendered":"https:\/\/www.futboltotal.com.mx\/?p=507911"},"modified":"2017-11-03T15:16:22","modified_gmt":"2017-11-03T21:16:22","slug":"polonia-llama-a-lewandowski-amistoso-contra-mexico","status":"publish","type":"post","link":"http:\/\/desarrollo.grupomedios.com\/futbol\/futbol-mexicano\/polonia-llama-a-lewandowski-amistoso-contra-mexico\/2017\/11","title":{"rendered":"Polonia llama a Lewandowski para amistoso contra M\u00e9xico"},"content":{"rendered":"<p><strong>POR: STAFF FT<\/strong><\/p>\n<p>La <strong>Asociaci\u00f3n Polaca de Futbol<\/strong> dio a conocer por medio de su sitio web la lista de jugadores que conforman la convocatoria para los encuentros amistosos que la selecci\u00f3n de <strong>Polonia<\/strong> jugar\u00e1 ante <strong>M\u00e9xico<\/strong> y <strong>Uruguay<\/strong> durante la fecha <strong>FIFA<\/strong> de noviembre.<\/p>\n<p>El nombre m\u00e1s destacado que aparece en este llamado es el del centrodelantero del <strong>Bayern Munich<\/strong>, <strong>Robert Lewandowski<\/strong>, quien ser\u00e1 el jugador a seguir por parte del equipo mexicano del t\u00e9cnico <strong>Juan Carlos Osorio<\/strong>.<\/p>\n<p style=\"text-align: center;\"><a href=\"https:\/\/www.futboltotal.com.mx\/futbol-mexicano\/seleccion-mexicana\/belgica-da-lista-amistoso-ante-mexico-algunas-sorpresas\/2017\/11\" target=\"_blank\" rel=\"noopener\"><span style=\"color: #333399;\">VER M\u00c1S: B\u00e9lgica da\u00a0 lista de convocados para amistoso ante M\u00e9xico con sorpresas<\/span><\/a><\/p>\n<p>Para este partido del <strong>Tri<\/strong>, que se disputar\u00e1 el 13 de noviembre en territorio polaco, tambi\u00e9n estar\u00e1n presentes futbolistas como el portero de la Juventus,\u00a0Wojciech Szcz\u0119sny o los mediocampistas Jakub B\u0142aszczykowski del Wolfsburg y\u00a0Grzegorz Krychowiak del West Bromwich.<\/p>\n<p>De la lista de 25 jugadores que llam\u00f3 el t\u00e9cnico\u00a0Adam Nawa\u0142ka para este inicio de preparaci\u00f3n de Polonia rumbo al Mundial Rusia 2018, 10 son futbolistas que participan en la Liga local.<\/p>\n<div id=\"attachment_507928\" style=\"width: 810px\" class=\"wp-caption aligncenter\"><img aria-describedby=\"caption-attachment-507928\" decoding=\"async\" loading=\"lazy\" class=\"size-full wp-image-507928\" src=\"https:\/\/www.futboltotal.com.mx\/wp-content\/uploads\/2017\/11\/polonia-llama-a-lewandowski-amistoso-contra-mexico.jpg\" alt=\"La convocatoria completa de Polonia para el amistoso ante M\u00e9xico en noviembre.\" srcset=\"http:\/\/desarrollo.grupomedios.com\/futbol\/wp-content\/uploads\/2017\/11\/polonia-llama-a-lewandowski-amistoso-contra-mexico.jpg 800w, http:\/\/desarrollo.grupomedios.com\/futbol\/wp-content\/uploads\/2017\/11\/polonia-llama-a-lewandowski-amistoso-contra-mexico-150x150.jpg 150w, http:\/\/desarrollo.grupomedios.com\/futbol\/wp-content\/uploads\/2017\/11\/polonia-llama-a-lewandowski-amistoso-contra-mexico-300x300.jpg 300w, http:\/\/desarrollo.grupomedios.com\/futbol\/wp-content\/uploads\/2017\/11\/polonia-llama-a-lewandowski-amistoso-contra-mexico-768x768.jpg 768w\" sizes=\"(max-width: 800px) 100vw, 800px\" \/><p id=\"caption-attachment-507928\" class=\"wp-caption-text\">La convocatoria completa de Polonia para el amistoso ante M\u00e9xico en noviembre.<\/p><\/div>\n","protected":false},"excerpt":{"rendered":"<p>El atacante del Bayern Munich comanda al equipo polaco que enfrentar\u00e1 al Tri.<\/p>\n","protected":false},"author":154,"featured_media":507929,"comment_status":"closed","ping_status":"closed","sticky":false,"template":"","format":"standard","meta":[],"categories":[3839,2198,3847],"tags":[1610,65,11034,1296,6038,409],"_links":{"self":[{"href":"http:\/\/desarrollo.grupomedios.com\/futbol\/wp-json\/wp\/v2\/posts\/507911"}],"collection":[{"href":"http:\/\/desarrollo.grupomedios.com\/futbol\/wp-json\/wp\/v2\/posts"}],"about":[{"href":"http:\/\/desarrollo.grupomedios.com\/futbol\/wp-json\/wp\/v2\/types\/post"}],"author":[{"embeddable":true,"href":"http:\/\/desarrollo.grupomedios.com\/futbol\/wp-json\/wp\/v2\/users\/154"}],"replies":[{"embeddable":true,"href":"http:\/\/desarrollo.grupomedios.com\/futbol\/wp-json\/wp\/v2\/comments?post=507911"}],"version-history":[{"count":1,"href":"http:\/\/desarrollo.grupomedios.com\/futbol\/wp-json\/wp\/v2\/posts\/507911\/revisions"}],"predecessor-version":[{"id":507934,"href":"http:\/\/desarrollo.grupomedios.com\/futbol\/wp-json\/wp\/v2\/posts\/507911\/revisions\/507934"}],"wp:featuredmedia":[{"embeddable":true,"href":"http:\/\/desarrollo.grupomedios.com\/futbol\/wp-json\/wp\/v2\/media\/507929"}],"wp:attachment":[{"href":"http:\/\/desarrollo.grupomedios.com\/futbol\/wp-json\/wp\/v2\/media?parent=507911"}],"wp:term":[{"taxonomy":"category","embeddable":true,"href":"http:\/\/desarrollo.grupomedios.com\/futbol\/wp-json\/wp\/v2\/categories?post=507911"},{"taxonomy":"post_tag","embeddable":true,"href":"http:\/\/desarrollo.grupomedios.com\/futbol\/wp-json\/wp\/v2\/tags?post=507911"}],"curies":[{"name":"wp","href":"https:\/\/api.w.org\/{rel}","templated":true}]}}