{"id":507933,"date":"2017-11-03T13:15:39","date_gmt":"2017-11-03T19:15:39","guid":{"rendered":"https:\/\/www.futboltotal.com.mx\/?p=507933"},"modified":"2017-11-03T13:19:44","modified_gmt":"2017-11-03T19:19:44","slug":"jersey-la-seleccion-mexicana-rusia-a-profundidad","status":"publish","type":"post","link":"http:\/\/desarrollo.grupomedios.com\/futbol\/videos\/jersey-la-seleccion-mexicana-rusia-a-profundidad\/2017\/11","title":{"rendered":"El jersey de la Selecci\u00f3n Mexicana para Rusia a profundidad"},"content":{"rendered":"<p><strong>POR: STAFF FT<\/strong><\/p>\n<p>La <strong>Selecci\u00f3n Mexicana<\/strong> present\u00f3 de manera oficial la armadura que utilizar\u00e1n para el pr\u00f3ximo <strong>Mundial de Rusia 2018<\/strong> y que estrenar\u00e1n en la gira europea ante <strong>B\u00e9lgica<\/strong> y <strong>Polonia<\/strong> del pr\u00f3ximo 10 y 13 de noviembre respectivamente. Esta camiseta ser\u00e1 con la que los seleccionados buscar\u00e1n trascender en la justa veraniega y resalta porque es hecha absolutamente con manos mexicanas.<\/p>\n<p>La marca<strong> adidas<\/strong> dio a conocer en los detalles que este jersey del Tri, por primera vez ser\u00e1 producido en su totalidad dentro del pa\u00eds, para su venta dentro de nuestro territorio y\u00a0exportado al resto del mundo, contando con el caracter\u00edstico sello de\u00a0<strong>\u201cHecho En M\u00e9xico\u201d<\/strong>, esto lo hace especial, pues la marca alemana dej\u00f3 que solo manos del pa\u00eds se encargaran de hacer la indumentaria.<\/p>\n<p style=\"text-align: center;\"><a href=\"https:\/\/www.futboltotal.com.mx\/futbol-internacional\/liga-de-espana\/fc-barcelona-tiene-en-la-mira-a-este-jugador-rusia\/2017\/11\">VER M\u00c1S: FC Barcelona tiene en la mira a este jugador de Rusia<\/a><\/p>\n<p>El uniforme est\u00e1 inspirado en el ic\u00f3nico dise\u00f1o de\u00a0<strong>adidas Football<\/strong> de los a\u00f1os 90, pero modernizado con los colores del Tri, por lo que le da un dualidad entre lo retro y la innovaci\u00f3n con la que se cuenta hoy en d\u00eda para tener ambas partes en el jersey, la tonalidad verde predomina.<\/p>\n<p>Los futbolistas tendr\u00e1n a su disposici\u00f3n la tecnolog\u00eda\u00a0<strong>Climachill<\/strong>, el cual hace que el tejido act\u00fae como una malla\u00a0y debido a que favorece el paso del viento\u00a0otorga una frescura para el jugador que est\u00e1 transpirando sobre la camiseta y algo que es muy importante, ofrece un secado ultra r\u00e1pido. Esta es la primera vez que se ve una tecnolog\u00eda as\u00ed dentro de un jersey.<\/p>\n<p>[video_player]https:\/\/player.vimeo.com\/external\/241197849.hd.mp4?s=0be11050cab172ec573b6bac063dde2e655fbfc6&amp;profile_id=174[\/video_player]<\/p>\n<p>&nbsp;<\/p>\n","protected":false},"excerpt":{"rendered":"<p>La indumentaria del Tri fue dise\u00f1ada y producida por manos mexicanas<\/p>\n","protected":false},"author":159,"featured_media":507943,"comment_status":"closed","ping_status":"closed","sticky":false,"template":"","format":"standard","meta":[],"categories":[2198,3847,4],"tags":[1560,1624,65,2232,409],"_links":{"self":[{"href":"http:\/\/desarrollo.grupomedios.com\/futbol\/wp-json\/wp\/v2\/posts\/507933"}],"collection":[{"href":"http:\/\/desarrollo.grupomedios.com\/futbol\/wp-json\/wp\/v2\/posts"}],"about":[{"href":"http:\/\/desarrollo.grupomedios.com\/futbol\/wp-json\/wp\/v2\/types\/post"}],"author":[{"embeddable":true,"href":"http:\/\/desarrollo.grupomedios.com\/futbol\/wp-json\/wp\/v2\/users\/159"}],"replies":[{"embeddable":true,"href":"http:\/\/desarrollo.grupomedios.com\/futbol\/wp-json\/wp\/v2\/comments?post=507933"}],"version-history":[{"count":1,"href":"http:\/\/desarrollo.grupomedios.com\/futbol\/wp-json\/wp\/v2\/posts\/507933\/revisions"}],"predecessor-version":[{"id":507942,"href":"http:\/\/desarrollo.grupomedios.com\/futbol\/wp-json\/wp\/v2\/posts\/507933\/revisions\/507942"}],"wp:featuredmedia":[{"embeddable":true,"href":"http:\/\/desarrollo.grupomedios.com\/futbol\/wp-json\/wp\/v2\/media\/507943"}],"wp:attachment":[{"href":"http:\/\/desarrollo.grupomedios.com\/futbol\/wp-json\/wp\/v2\/media?parent=507933"}],"wp:term":[{"taxonomy":"category","embeddable":true,"href":"http:\/\/desarrollo.grupomedios.com\/futbol\/wp-json\/wp\/v2\/categories?post=507933"},{"taxonomy":"post_tag","embeddable":true,"href":"http:\/\/desarrollo.grupomedios.com\/futbol\/wp-json\/wp\/v2\/tags?post=507933"}],"curies":[{"name":"wp","href":"https:\/\/api.w.org\/{rel}","templated":true}]}}