{"id":507950,"date":"2017-11-03T15:09:03","date_gmt":"2017-11-03T21:09:03","guid":{"rendered":"https:\/\/www.futboltotal.com.mx\/?p=507950"},"modified":"2017-11-03T15:14:40","modified_gmt":"2017-11-03T21:14:40","slug":"fifa-suspende-a-paolo-guerrero-dopaje-se-pierde-repechaje","status":"publish","type":"post","link":"http:\/\/desarrollo.grupomedios.com\/futbol\/destacado-home\/fifa-suspende-a-paolo-guerrero-dopaje-se-pierde-repechaje\/2017\/11","title":{"rendered":"FIFA suspende a Paolo Guerrero por dopaje y se pierde repechaje"},"content":{"rendered":"<div id=\"texto\" class=\"texto_txt\">\n<div class=\"DETALLE_N_texto \">\n<p><strong><span id=\"ctl14_lblMostra\">POR: EFE<\/span><\/strong><\/p>\n<p><span id=\"ctl14_lblMostra\">La <strong>FIFA<\/strong> suspendi\u00f3 por un per\u00edodo de 30 d\u00edas al capit\u00e1n de la selecci\u00f3n de <strong>Per\u00fa<\/strong>, <strong>Paolo Guerrero<\/strong>, tras <a href=\"https:\/\/www.futboltotal.com.mx\/futbol-internacional\/paolo-guerrero-habria-dado-positivo-tras-peru-vs-argentina\/2017\/11\" target=\"_blank\" rel=\"noopener\"><span style=\"color: #333399;\">arrojar un &#8220;resultado anal\u00edtico adverso&#8221; en un control antidopaje<\/span><\/a>, inform\u00f3 la <strong>Federaci\u00f3n Peruana de F\u00fatbol<\/strong> (<strong>FPF<\/strong>) en un comunicado.<\/span><\/p>\n<p>La sanci\u00f3n impedir\u00e1 que Guerrero pueda jugar los dos partidos de la <strong>repechaje<\/strong> para el <strong>Mundial Rusia 2018<\/strong> que Per\u00fa disputar\u00e1 ante <strong>Nueva Zelanda<\/strong> el s\u00e1bado 11 y el mi\u00e9rcoles 15 de este mes.<\/p>\n<p style=\"text-align: center;\"><span id=\"ctl14_lblMostra\"><a href=\"https:\/\/www.futboltotal.com.mx\/futbol-mexicano\/liga-mx\/jonathan-fabbro-acusado-nuevamente-abusar-una-menor\/2017\/11\" target=\"_blank\" rel=\"noopener\"><span style=\"color: #333399;\">VER M\u00c1S: Jonathan Fabbro, acusado nuevamente por abusar de una menor<\/span><\/a><\/span><\/p>\n<p>La muestra que revel\u00f3 el posible dopaje de Guerrero fue tomada tras el partido que la selecci\u00f3n peruana empat\u00f3 a cero goles contra <strong>Argentina<\/strong> en La Bombonera de Buenos Aires en la pen\u00faltima jornada de las eliminatorias sudamericanas para la Copa del Mundo.<\/p>\n<p>Adem\u00e1s, la Federaci\u00f3n Peruana de Futbol acata la decisi\u00f3n de la FIFA pero tambi\u00e9n muestra su apoyo a Guerrero, quien &#8220;cumple un\u00a0 rol muy importante para nuestro seleccionado dentro y fuera de la cancha gracias a la calidad de persona que siempre ha evidenciado&#8221;.<\/p>\n<div id=\"attachment_507952\" style=\"width: 734px\" class=\"wp-caption aligncenter\"><img aria-describedby=\"caption-attachment-507952\" decoding=\"async\" loading=\"lazy\" class=\"size-large wp-image-507952\" src=\"https:\/\/www.futboltotal.com.mx\/wp-content\/uploads\/2017\/11\/Comunicado-peru-suspension-paolo-guerrero-doping-724x1024.jpg\" alt=\"La Federaci\u00f3n Peruana de Futbol public\u00f3 un comunicado tras conocer la sanci\u00f3n a Paolo Guerrero.\" srcset=\"http:\/\/desarrollo.grupomedios.com\/futbol\/wp-content\/uploads\/2017\/11\/Comunicado-peru-suspension-paolo-guerrero-doping-724x1024.jpg 724w, http:\/\/desarrollo.grupomedios.com\/futbol\/wp-content\/uploads\/2017\/11\/Comunicado-peru-suspension-paolo-guerrero-doping-212x300.jpg 212w, http:\/\/desarrollo.grupomedios.com\/futbol\/wp-content\/uploads\/2017\/11\/Comunicado-peru-suspension-paolo-guerrero-doping-768x1087.jpg 768w, http:\/\/desarrollo.grupomedios.com\/futbol\/wp-content\/uploads\/2017\/11\/Comunicado-peru-suspension-paolo-guerrero-doping.jpg 1190w\" sizes=\"(max-width: 724px) 100vw, 724px\" \/><p id=\"caption-attachment-507952\" class=\"wp-caption-text\">La Federaci\u00f3n Peruana de Futbol public\u00f3 un comunicado tras conocer la sanci\u00f3n a Paolo Guerrero.<\/p><\/div>\n<\/div>\n<\/div>\n","protected":false},"excerpt":{"rendered":"<p>La selecci\u00f3n de Per\u00fa sufre un duro golpe en sus aspiraciones mundialistas.<\/p>\n","protected":false},"author":154,"featured_media":507951,"comment_status":"closed","ping_status":"closed","sticky":false,"template":"","format":"standard","meta":[],"categories":[5,3839],"tags":[1375,361,5829,304,5565,722,4306,2386],"_links":{"self":[{"href":"http:\/\/desarrollo.grupomedios.com\/futbol\/wp-json\/wp\/v2\/posts\/507950"}],"collection":[{"href":"http:\/\/desarrollo.grupomedios.com\/futbol\/wp-json\/wp\/v2\/posts"}],"about":[{"href":"http:\/\/desarrollo.grupomedios.com\/futbol\/wp-json\/wp\/v2\/types\/post"}],"author":[{"embeddable":true,"href":"http:\/\/desarrollo.grupomedios.com\/futbol\/wp-json\/wp\/v2\/users\/154"}],"replies":[{"embeddable":true,"href":"http:\/\/desarrollo.grupomedios.com\/futbol\/wp-json\/wp\/v2\/comments?post=507950"}],"version-history":[{"count":3,"href":"http:\/\/desarrollo.grupomedios.com\/futbol\/wp-json\/wp\/v2\/posts\/507950\/revisions"}],"predecessor-version":[{"id":507958,"href":"http:\/\/desarrollo.grupomedios.com\/futbol\/wp-json\/wp\/v2\/posts\/507950\/revisions\/507958"}],"wp:featuredmedia":[{"embeddable":true,"href":"http:\/\/desarrollo.grupomedios.com\/futbol\/wp-json\/wp\/v2\/media\/507951"}],"wp:attachment":[{"href":"http:\/\/desarrollo.grupomedios.com\/futbol\/wp-json\/wp\/v2\/media?parent=507950"}],"wp:term":[{"taxonomy":"category","embeddable":true,"href":"http:\/\/desarrollo.grupomedios.com\/futbol\/wp-json\/wp\/v2\/categories?post=507950"},{"taxonomy":"post_tag","embeddable":true,"href":"http:\/\/desarrollo.grupomedios.com\/futbol\/wp-json\/wp\/v2\/tags?post=507950"}],"curies":[{"name":"wp","href":"https:\/\/api.w.org\/{rel}","templated":true}]}}