{"id":507960,"date":"2017-11-03T15:38:55","date_gmt":"2017-11-03T21:38:55","guid":{"rendered":"https:\/\/www.futboltotal.com.mx\/?p=507960"},"modified":"2017-11-03T15:38:55","modified_gmt":"2017-11-03T21:38:55","slug":"en-chivas-merecia-ir-nadie-a-seleccion-mexicana-pizarro","status":"publish","type":"post","link":"http:\/\/desarrollo.grupomedios.com\/futbol\/futbol-mexicano\/en-chivas-merecia-ir-nadie-a-seleccion-mexicana-pizarro\/2017\/11","title":{"rendered":"En Chivas no merec\u00eda ir nadie a Selecci\u00f3n Mexicana: Pizarro"},"content":{"rendered":"<p>El delantero <strong>Rodolfo Pizarro<\/strong> asegur\u00f3 que en<strong> Chivas<\/strong> nadie ten\u00eda que ir a la Selecci\u00f3n Mexicana, despu\u00e9s del mal paso que vive el Reba\u00f1o Sagrado en el <strong>Torneo Apertura 2017 de la Liga MX<\/strong>.<\/p>\n<p>Pizarro afirm\u00f3 que &#8220;no nos merecemos estar convocados por el mal torneo que hemos dado&#8221;, despu\u00e9s de darse a conocer la lista de convocados al Tricolor.<\/p>\n<p>El rojiblanco asegur\u00f3 que los culpables del mal paso de las Chivas en este certamen son los jugadores y s\u00f3lo est\u00e1n cosechando lo que sembraron en este semestre.<\/p>\n<p style=\"text-align: center;\"><span style=\"color: #333399;\"><a href=\"https:\/\/www.futboltotal.com.mx\/destacado-home\/govea-antuna-sorpresas-en-lista-mexico-vs-belgica-polonia%ef%bb%bf\/2017\/11\">VER M\u00c1S:\u00a0<span class=\"item-title\">Govea y Antuna, sorpresas en lista de M\u00e9xico vs B\u00e9lgica y Polonia<\/span><\/a><\/span><\/p>\n<p>&#8220;Nosotros somos los culpables de todo lo que est\u00e1 pasando, de lo que hemos pasado en el torneo, de que estemos eliminados en la Copa y de lo mal que lo hemos hecho&#8221;, sentenci\u00f3 Pizarro.<\/p>\n<p>El \u00fanico futbolista de las Chivas convocado para los juegos amistosos contra B\u00e9lgica y Polonia fue el arquero <strong>Rodolfo Cota<\/strong>.<\/p>\n","protected":false},"excerpt":{"rendered":"<p>El futbolista del Reba\u00f1o Sagrado destac\u00f3 que han tenido un muy mal torneo <\/p>\n","protected":false},"author":160,"featured_media":507961,"comment_status":"closed","ping_status":"closed","sticky":false,"template":"","format":"standard","meta":[],"categories":[2198,3845],"tags":[70,5963,955,6546,6920,4908],"_links":{"self":[{"href":"http:\/\/desarrollo.grupomedios.com\/futbol\/wp-json\/wp\/v2\/posts\/507960"}],"collection":[{"href":"http:\/\/desarrollo.grupomedios.com\/futbol\/wp-json\/wp\/v2\/posts"}],"about":[{"href":"http:\/\/desarrollo.grupomedios.com\/futbol\/wp-json\/wp\/v2\/types\/post"}],"author":[{"embeddable":true,"href":"http:\/\/desarrollo.grupomedios.com\/futbol\/wp-json\/wp\/v2\/users\/160"}],"replies":[{"embeddable":true,"href":"http:\/\/desarrollo.grupomedios.com\/futbol\/wp-json\/wp\/v2\/comments?post=507960"}],"version-history":[{"count":1,"href":"http:\/\/desarrollo.grupomedios.com\/futbol\/wp-json\/wp\/v2\/posts\/507960\/revisions"}],"predecessor-version":[{"id":507963,"href":"http:\/\/desarrollo.grupomedios.com\/futbol\/wp-json\/wp\/v2\/posts\/507960\/revisions\/507963"}],"wp:featuredmedia":[{"embeddable":true,"href":"http:\/\/desarrollo.grupomedios.com\/futbol\/wp-json\/wp\/v2\/media\/507961"}],"wp:attachment":[{"href":"http:\/\/desarrollo.grupomedios.com\/futbol\/wp-json\/wp\/v2\/media?parent=507960"}],"wp:term":[{"taxonomy":"category","embeddable":true,"href":"http:\/\/desarrollo.grupomedios.com\/futbol\/wp-json\/wp\/v2\/categories?post=507960"},{"taxonomy":"post_tag","embeddable":true,"href":"http:\/\/desarrollo.grupomedios.com\/futbol\/wp-json\/wp\/v2\/tags?post=507960"}],"curies":[{"name":"wp","href":"https:\/\/api.w.org\/{rel}","templated":true}]}}