{"id":508009,"date":"2017-11-03T19:26:39","date_gmt":"2017-11-04T01:26:39","guid":{"rendered":"https:\/\/www.futboltotal.com.mx\/?p=508009"},"modified":"2017-11-03T19:26:39","modified_gmt":"2017-11-04T01:26:39","slug":"aviles-hurtado-convocado-colombia-se-aleja-del-tri","status":"publish","type":"post","link":"http:\/\/desarrollo.grupomedios.com\/futbol\/futbol-mexicano\/aviles-hurtado-convocado-colombia-se-aleja-del-tri\/2017\/11","title":{"rendered":"Avil\u00e9s Hurtado, convocado por Colombia; se aleja del Tri"},"content":{"rendered":"<p><strong>POR: EFE<\/strong><\/p>\n<p>El delantero <strong>Avil\u00e9s Hurtado<\/strong> ha sido convocado por primera vez con la selecci\u00f3n de <strong>Colombia<\/strong>, y eso lo aleja autom\u00e1ticamente de estar con <strong>M\u00e9xico<\/strong>.<\/p>\n<p>Mucho se habl\u00f3 sobre la posibilidad de que <strong>Juan Carlos Osorio<\/strong> pensaba convocarlo para participar con la <strong>Selecci\u00f3n Mexicana<\/strong>, pero esto ha quedado atr\u00e1s.<\/p>\n<p>El delantero <strong>Radamel Falcao<\/strong> Garc\u00eda, m\u00e1ximo goleador de la Liga francesa con el M\u00f3naco, es la principal ausencia de la convocatoria de Colombia para los partidos amistosos contra Corea del Sur y China, que se disputar\u00e1n el 10 y 14 de noviembre, respectivamente.<\/p>\n<p style=\"text-align: center;\"><span style=\"color: #333399;\"><a href=\"https:\/\/www.futboltotal.com.mx\/futbol-mexicano\/rafael-marquez-las-puertas-abiertas-en-tri-osorio\/2017\/11\">VER M\u00c1S:\u00a0<span class=\"item-title\">Rafael M\u00e1rquez, con las \u201cpuertas abiertas\u201d en el Tri: Osorio<\/span><\/a><\/span><\/p>\n<p style=\"text-align: left;\"><span style=\"color: #333399;\"><\/span>Tampoco estar\u00e1n en esos amistosos por lesi\u00f3n los guardametas David Ospina, del Arsenal de Inglaterra, y Camilo Vargas, de Atl\u00e9tico Nacional, as\u00ed como los delanteros Te\u00f3filo Guti\u00e9rrez y Yimmi Char\u00e1, figuras del Junior de Barranquilla, y el artillero Luis Muriel del Sevilla de Espa\u00f1a, quienes hicieron parte de la \u00faltima convocatoria.<\/p>\n<p>Por otra parte, el centrocampista Jefferson Lerma, del Levante de Espa\u00f1a, y el delantero Avil\u00e9s Hurtado, goleador del Monterrey de M\u00e9xico, son las dos principales novedades del llamado del estratega Jos\u00e9 Pekerman para los juegos que se disputar\u00e1n en Corea del Sur y China.<\/p>\n<p>Vuelven a las convocatorias de la selecci\u00f3n de mayores Yerry Mina y Miguel Borja, jugadores del Palmeiras de Brasil, adem\u00e1s del delantero Felipe Pardo, del Olympiacos de Grecia; el guardameta Jos\u00e9 Fernando Cuadrado, del Once Caldas de Manizales, y el central \u00c9der \u00c1lvarez Balanta, del Basilea de Suiza.<\/p>\n<p style=\"text-align: center;\"><span style=\"color: #333399;\"><a href=\"https:\/\/www.futboltotal.com.mx\/destacado-home\/govea-antuna-sorpresas-en-lista-mexico-vs-belgica-polonia%ef%bb%bf\/2017\/11\">VER M\u00c1S:\u00a0<span class=\"item-title\">Govea y Antuna, sorpresas en lista de M\u00e9xico vs B\u00e9lgica y Polonia<\/span><\/a><\/span><\/p>\n<p style=\"text-align: left;\"><span style=\"color: #333399;\"><\/span>Por otra parte, Pekerman convoc\u00f3 a sus figuras James Rodr\u00edguez, del Bayern de M\u00fanich; Juan Guillermo Cuadrado, del Juventus; Davinson S\u00e1nchez, del Tottenham Hotspur, y Carlos Bacca, del Villarreal.<\/p>\n<p>El encuentro frente a Corea del Sur se jugar\u00e1 el 10 de noviembre en el estadio Suwon World Cup de Se\u00fal a las 20.00 hora local (11.00 GMT).<\/p>\n<p>El amistoso ante China se disputar\u00e1 el 14 de noviembre en el Chongqing Olympic Center de Chongqing a las 19.35 hora local (11.35 GMT).<\/p>\n<p><strong>-Lista de convocados de Colombia:<\/strong><\/p>\n<p>Porteros: Leandro Castellanos (Santa Fe) y Jos\u00e9 Fernando Cuadrado (Once Caldas).<\/p>\n<p>Defensas: Cristian Zapata (Mil\u00e1n-ITA), Davinson S\u00e1nchez (Tottenham-GBR), Santiago Arias (PSV-NED), \u00c9der \u00c1lvarez Balanta (Basilea-SUI), Stefan Medina (Monterrey-MEX), \u00d3scar Murillo (Pachuca-MEX), Frank Fabra (Boca Juniors-ARG), Yerry Mina (Palmeiras-BRA) y William Tesillo (Santa Fe).<\/p>\n<p>Centrocampistas: Carlos S\u00e1nchez (Fiorentina-ITA), Juan Guillermo Cuadrado (Juventus-ITA), James Rodr\u00edguez (Bayern M\u00fanich-GER), Jefferson Lerma (Levante-ESP), Giovanni Moreno (Shangai Shenhua-CHI), Mateus Uribe (Am\u00e9rica-MEX), Edwin Cardona (Boca Juniors-ARG), Wilmar Barrios (Boca Juniors-ARG) y Abel Aguilar (Deportivo Cali).<\/p>\n<p>Delanteros: Duv\u00e1n Zapata (Sampdoria-ITA), Carlos Bacca (Villarreal-ESP), Felipe Pardo (Olympiacos-GRE), Avil\u00e9s Hurtado (Monterrey-MEX) y Miguel Borja (Palmeiras-BRA).<\/p>\n","protected":false},"excerpt":{"rendered":"<p>El delantero de los Rayados fue llamado por Jos\u00e9 P\u00e9kerman y no ir\u00e1 al Tricolor<\/p>\n","protected":false},"author":160,"featured_media":508013,"comment_status":"closed","ping_status":"closed","sticky":false,"template":"","format":"standard","meta":[],"categories":[7573,3839,2198,3847],"tags":[2069,6005],"_links":{"self":[{"href":"http:\/\/desarrollo.grupomedios.com\/futbol\/wp-json\/wp\/v2\/posts\/508009"}],"collection":[{"href":"http:\/\/desarrollo.grupomedios.com\/futbol\/wp-json\/wp\/v2\/posts"}],"about":[{"href":"http:\/\/desarrollo.grupomedios.com\/futbol\/wp-json\/wp\/v2\/types\/post"}],"author":[{"embeddable":true,"href":"http:\/\/desarrollo.grupomedios.com\/futbol\/wp-json\/wp\/v2\/users\/160"}],"replies":[{"embeddable":true,"href":"http:\/\/desarrollo.grupomedios.com\/futbol\/wp-json\/wp\/v2\/comments?post=508009"}],"version-history":[{"count":1,"href":"http:\/\/desarrollo.grupomedios.com\/futbol\/wp-json\/wp\/v2\/posts\/508009\/revisions"}],"predecessor-version":[{"id":508014,"href":"http:\/\/desarrollo.grupomedios.com\/futbol\/wp-json\/wp\/v2\/posts\/508009\/revisions\/508014"}],"wp:featuredmedia":[{"embeddable":true,"href":"http:\/\/desarrollo.grupomedios.com\/futbol\/wp-json\/wp\/v2\/media\/508013"}],"wp:attachment":[{"href":"http:\/\/desarrollo.grupomedios.com\/futbol\/wp-json\/wp\/v2\/media?parent=508009"}],"wp:term":[{"taxonomy":"category","embeddable":true,"href":"http:\/\/desarrollo.grupomedios.com\/futbol\/wp-json\/wp\/v2\/categories?post=508009"},{"taxonomy":"post_tag","embeddable":true,"href":"http:\/\/desarrollo.grupomedios.com\/futbol\/wp-json\/wp\/v2\/tags?post=508009"}],"curies":[{"name":"wp","href":"https:\/\/api.w.org\/{rel}","templated":true}]}}