{"id":508025,"date":"2017-11-03T20:38:34","date_gmt":"2017-11-04T02:38:34","guid":{"rendered":"https:\/\/www.futboltotal.com.mx\/?p=508025"},"modified":"2017-11-03T20:39:17","modified_gmt":"2017-11-04T02:39:17","slug":"jair-pereira-se-pierde-clasico-tapatio-lesion","status":"publish","type":"post","link":"http:\/\/desarrollo.grupomedios.com\/futbol\/futbol-mexicano\/jair-pereira-se-pierde-clasico-tapatio-lesion\/2017\/11","title":{"rendered":"Jair Pereira se pierde el Cl\u00e1sico Tapat\u00edo por lesi\u00f3n"},"content":{"rendered":"<p><strong>POR: STAFF FT<\/strong><\/p>\n<p><strong>Jair Pereira<\/strong> se pierde el <strong>Cl\u00e1sico Tapat\u00edo<\/strong> entre <strong>Chivas y Atlas<\/strong> por una lesi\u00f3n en el aductor izquierdo.<\/p>\n<p>El &#8216;Comandante&#8217; no fue incluido en la lista de convocados que dio a conocer el <em>Reba\u00f1o Sagrado<\/em> para enfrentar el partido contra los rojinegros.<\/p>\n<p style=\"text-align: center;\"><span style=\"color: #333399;\"><a href=\"https:\/\/www.futboltotal.com.mx\/futbol-mexicano\/oscar-ustari-seis-meses-las-canchas\/2017\/11\">VER M\u00c1S:\u00a0<span class=\"item-title\">\u00d3scar Ustari, seis meses fuera de las canchas<\/span><\/a><\/span><\/p>\n<p>El defensa rojiblanco no ha visto la suya en lo que va del <strong>Torneo Apertura 2017<\/strong>, ya que no es la primera lesi\u00f3n que sufri\u00f3 Pereira durante el certamen.<\/p>\n<p>Una oste\u00edtis en el p\u00fabis fue una molestia que dej\u00f3 fuera al zaguero de las Chivas por algunas semanas de la escuadra tapat\u00eda.<\/p>\n<p style=\"text-align: center;\"><span style=\"color: #333399;\"><a href=\"https:\/\/www.futboltotal.com.mx\/futbol-mexicano\/chivas-vs-america-liga-mx-femenil-previo\/2017\/11\">VER M\u00c1S:\u00a0<span class=\"item-title\">Chivas vs Am\u00e9rica, Cl\u00e1sico en semifinal femenil<\/span><\/a><\/span><\/p>\n<p>Estos son los futbolistas que convoc\u00f3 Chivas para el Cl\u00e1sico Tapat\u00edo contra el Atlas.<\/p>\n<blockquote class=\"twitter-tweet\" data-lang=\"es\">\n<p dir=\"ltr\" lang=\"es\">&#x1f4dd;&#x1f1ee;&#x1f1e9; Aqu\u00ed la lista de Rojiblancos convocados para luchar por el orgullo de la Ciudad en el Cl\u00e1sico Tapat\u00edo \u27a1\ufe0f<a href=\"https:\/\/t.co\/4DZc2Imivo\">https:\/\/t.co\/4DZc2Imivo<\/a> &#x1f44a;&#x1f1ee;&#x1f1e9; <a href=\"https:\/\/t.co\/1hCvJLU0Lz\">pic.twitter.com\/1hCvJLU0Lz<\/a><\/p>\n<p>\u2014 CHIVAS (@Chivas) <a href=\"https:\/\/twitter.com\/Chivas\/status\/926552572940505090?ref_src=twsrc%5Etfw\">3 de noviembre de 2017<\/a><\/p><\/blockquote>\n<p><script async src=\"https:\/\/platform.twitter.com\/widgets.js\" charset=\"utf-8\"><\/script><\/p>\n","protected":false},"excerpt":{"rendered":"<p>El defensa del Reba\u00f1o no estar\u00e1 en el Cl\u00e1sico Tapat\u00edo<\/p>\n","protected":false},"author":160,"featured_media":508027,"comment_status":"closed","ping_status":"closed","sticky":false,"template":"","format":"standard","meta":[],"categories":[2198,3845],"tags":[8357,5961,70,955,4580,64],"_links":{"self":[{"href":"http:\/\/desarrollo.grupomedios.com\/futbol\/wp-json\/wp\/v2\/posts\/508025"}],"collection":[{"href":"http:\/\/desarrollo.grupomedios.com\/futbol\/wp-json\/wp\/v2\/posts"}],"about":[{"href":"http:\/\/desarrollo.grupomedios.com\/futbol\/wp-json\/wp\/v2\/types\/post"}],"author":[{"embeddable":true,"href":"http:\/\/desarrollo.grupomedios.com\/futbol\/wp-json\/wp\/v2\/users\/160"}],"replies":[{"embeddable":true,"href":"http:\/\/desarrollo.grupomedios.com\/futbol\/wp-json\/wp\/v2\/comments?post=508025"}],"version-history":[{"count":2,"href":"http:\/\/desarrollo.grupomedios.com\/futbol\/wp-json\/wp\/v2\/posts\/508025\/revisions"}],"predecessor-version":[{"id":508033,"href":"http:\/\/desarrollo.grupomedios.com\/futbol\/wp-json\/wp\/v2\/posts\/508025\/revisions\/508033"}],"wp:featuredmedia":[{"embeddable":true,"href":"http:\/\/desarrollo.grupomedios.com\/futbol\/wp-json\/wp\/v2\/media\/508027"}],"wp:attachment":[{"href":"http:\/\/desarrollo.grupomedios.com\/futbol\/wp-json\/wp\/v2\/media?parent=508025"}],"wp:term":[{"taxonomy":"category","embeddable":true,"href":"http:\/\/desarrollo.grupomedios.com\/futbol\/wp-json\/wp\/v2\/categories?post=508025"},{"taxonomy":"post_tag","embeddable":true,"href":"http:\/\/desarrollo.grupomedios.com\/futbol\/wp-json\/wp\/v2\/tags?post=508025"}],"curies":[{"name":"wp","href":"https:\/\/api.w.org\/{rel}","templated":true}]}}