{"id":508079,"date":"2017-11-04T12:15:12","date_gmt":"2017-11-04T18:15:12","guid":{"rendered":"https:\/\/www.futboltotal.com.mx\/?p=508079"},"modified":"2017-11-04T12:15:12","modified_gmt":"2017-11-04T18:15:12","slug":"paris-saint-germain-demuestra-poderio-sin-neymar-golea","status":"publish","type":"post","link":"http:\/\/desarrollo.grupomedios.com\/futbol\/futbol-internacional\/paris-saint-germain-demuestra-poderio-sin-neymar-golea\/2017\/11","title":{"rendered":"Paris Saint-Germain demuestra poder\u00edo sin Neymar y golea"},"content":{"rendered":"<p><strong>POR EFE<\/strong><\/p>\n<p>Un doblete del uruguayo <strong>Edinson Cavani<\/strong> y otro de<strong> Kylian Mbapp\u00e9<\/strong>, junto con un tanto del alem\u00e1n <strong>Julian Draxler<\/strong>, dieron al <strong>Paris Saint Germain<\/strong> una goleada (0-5) ante el Angers pese a la ausencia del brasile\u00f1o <strong>Neymar<\/strong>, lesionado en un muslo.<\/p>\n<p>La tarde result\u00f3 especialmente significativa para <strong>Cavani<\/strong>, que super\u00f3 ante el Angers los cien goles con la camiseta parisina y elev\u00f3 a trece el n\u00famero de tantos alcanzados en lo que va de temporada en la liga.<\/p>\n<p>Pero fue Mbapp\u00e9 el que abri\u00f3 la cuenta en el choque de la duod\u00e9cima jornada. A los tres minutos, aprovech\u00f3 un pase largo de <strong>Dani Alves<\/strong> para superar al meta <strong>Mathieu Michel<\/strong>.<\/p>\n<p>Todo fue m\u00e1s f\u00e1cil para el equipo de <strong>Unai Emery<\/strong> desde ese momento. Al cuarto de hora, otra vez Dani Alves, sin oposici\u00f3n, dio un pase interior a <strong>Draxler<\/strong>, que llev\u00f3 la pelota a la red y estableci\u00f3 el 0-2.<\/p>\n<p style=\"text-align: center;\"><a href=\"https:\/\/www.futboltotal.com.mx\/futbol-internacional\/liga-de-espana\/javier-aguirre-volveria-a-dirigir-en-espana\/2017\/11\" target=\"_blank\" rel=\"noopener\">VER M\u00c1S: Javier Aguirre volver\u00eda a dirigir en Espa\u00f1a<\/a><\/p>\n<p>El tercero lleg\u00f3 a la media hora. En un contraataque visitante. La pelota le lleg\u00f3 a <strong>Mbapp\u00e9<\/strong>, que dej\u00f3 en evidencia a su marcador con un pase de tac\u00f3n a<strong> Cavani<\/strong>. El uruguayo no fall\u00f3. Fue su gol 100 con el Paris Saint Germain.<\/p>\n<p>En la segunda parte, a la hora de juego, una r\u00e1pida acci\u00f3n a la contra el l\u00edder propici\u00f3 un centro de <strong>Draxler<\/strong> a Cavani, que se march\u00f3 en velocidad de su marcador para culminar con gol la jugada.<\/p>\n<p>La goleada la redonde\u00f3 Mbapp\u00e9, que abri\u00f3 y cerr\u00f3 el marcador. Un robo de bal\u00f3n encauz\u00f3 otra acci\u00f3n veloz de los parisinos. Draxler asisti\u00f3 al exjugador del M\u00f3naco, que, en carrera, se deshizo de su defensor y despu\u00e9s del portero antes de enviar la pelota al fondo de la porter\u00eda.<\/p>\n<p>La victoria, d\u00e9cima en doce partidos, asienta en el liderato al Par\u00eds Saint Germain, con siete puntos de ventaja respecto al <strong>M\u00f3naco<\/strong>, que recibe al <strong>Guingamp<\/strong> en su encuentro de la sesi\u00f3n.<\/p>\n<p><iframe loading=\"lazy\" src=\"https:\/\/www.youtube.com\/embed\/Kha_KX8RTe4?feature=oembed\" frameborder=\"0\" gesture=\"media\" allowfullscreen><\/iframe><\/p>\n<p style=\"text-align: center;\"><a href=\"https:\/\/www.futboltotal.com.mx\/futbol-mexicano\/liga-mx\/diego-forlan-confiesa-america-intento-ficharlo\/2017\/11\" target=\"_blank\" rel=\"noopener\">VER M\u00c1S: Diego Forl\u00e1n estuvo cerca de fichar por el Am\u00e9rica<\/a><\/p>\n<p>&nbsp;<\/p>\n","protected":false},"excerpt":{"rendered":"<p>El cuadro parisino brill\u00f3 sin su m\u00e1xima estrella<\/p>\n","protected":false},"author":159,"featured_media":508080,"comment_status":"closed","ping_status":"closed","sticky":false,"template":"","format":"standard","meta":[],"categories":[3839,9609],"tags":[11037,6037,8525,408,6001,1376],"_links":{"self":[{"href":"http:\/\/desarrollo.grupomedios.com\/futbol\/wp-json\/wp\/v2\/posts\/508079"}],"collection":[{"href":"http:\/\/desarrollo.grupomedios.com\/futbol\/wp-json\/wp\/v2\/posts"}],"about":[{"href":"http:\/\/desarrollo.grupomedios.com\/futbol\/wp-json\/wp\/v2\/types\/post"}],"author":[{"embeddable":true,"href":"http:\/\/desarrollo.grupomedios.com\/futbol\/wp-json\/wp\/v2\/users\/159"}],"replies":[{"embeddable":true,"href":"http:\/\/desarrollo.grupomedios.com\/futbol\/wp-json\/wp\/v2\/comments?post=508079"}],"version-history":[{"count":1,"href":"http:\/\/desarrollo.grupomedios.com\/futbol\/wp-json\/wp\/v2\/posts\/508079\/revisions"}],"predecessor-version":[{"id":508081,"href":"http:\/\/desarrollo.grupomedios.com\/futbol\/wp-json\/wp\/v2\/posts\/508079\/revisions\/508081"}],"wp:featuredmedia":[{"embeddable":true,"href":"http:\/\/desarrollo.grupomedios.com\/futbol\/wp-json\/wp\/v2\/media\/508080"}],"wp:attachment":[{"href":"http:\/\/desarrollo.grupomedios.com\/futbol\/wp-json\/wp\/v2\/media?parent=508079"}],"wp:term":[{"taxonomy":"category","embeddable":true,"href":"http:\/\/desarrollo.grupomedios.com\/futbol\/wp-json\/wp\/v2\/categories?post=508079"},{"taxonomy":"post_tag","embeddable":true,"href":"http:\/\/desarrollo.grupomedios.com\/futbol\/wp-json\/wp\/v2\/tags?post=508079"}],"curies":[{"name":"wp","href":"https:\/\/api.w.org\/{rel}","templated":true}]}}