{"id":508086,"date":"2017-11-04T14:28:20","date_gmt":"2017-11-04T20:28:20","guid":{"rendered":"https:\/\/www.futboltotal.com.mx\/?p=508086"},"modified":"2017-11-04T15:51:34","modified_gmt":"2017-11-04T21:51:34","slug":"victor-guzman-mejor-que-suarez-griezmann-benzema-juntos","status":"publish","type":"post","link":"http:\/\/desarrollo.grupomedios.com\/futbol\/destacado-home\/victor-guzman-mejor-que-suarez-griezmann-benzema-juntos\/2017\/11","title":{"rendered":"V\u00edctor Guzm\u00e1n, mejor que Su\u00e1rez, Griezmann y Benzema juntos"},"content":{"rendered":"<p>Los 3 delanteros que se desempe\u00f1an en <strong>LaLiga de Espa\u00f1a<\/strong> no han logrado tener su mejor temporada, tanto as\u00ed que haciendo una comparaci\u00f3n con la <strong>Liga MX<\/strong> no logran igualar al mejor anotador mexicano dentro del Apertura 2017, que se trata del mediocampista de los <strong>Tuzos del Pachuca, V\u00edctor Guzm\u00e1n<\/strong>, quien ha logrado 8 anotaciones este semestre.<\/p>\n<p>Por su parte,<strong> Luis Su\u00e1rez<\/strong>, delantero del <strong>FC Barcelona<\/strong> ha logrado anotar <strong>3 goles<\/strong> en lo que va de la temporada\u00a0 jugando<strong> 8 partidos<\/strong> con el conjunto blaugrana y definitivamente se ha visto mal en el terreno de juego, perdiendo balones importantes frente al arco y se le ha visto desesperado por no encontrar las redes en el \u00faltimo encuentro de <strong>Champions League<\/strong> ante el Olympiacos.<\/p>\n<p>El franc\u00e9s, <strong>Karim Benzema<\/strong> ha visto acci\u00f3n en <strong>6 encuentros<\/strong> con el <strong>Real Madrid<\/strong> y s\u00f3lo ha logrado <strong>anotar en una ocasi\u00f3n<\/strong>, gan\u00e1ndose las cr\u00edticas de los aficionados y en el medio ya se especula una posible salida del club, pues su desempe\u00f1o no ha sido el que se espera del delantero que desde el 2010 es parte de los merengues.<\/p>\n<p style=\"text-align: center;\"><a href=\"https:\/\/www.futboltotal.com.mx\/futbol-internacional\/liga-de-espana\/javier-aguirre-volveria-a-dirigir-en-espana\/2017\/11\" target=\"_blank\" rel=\"noopener\">VER M\u00c1S: Javier Aguirre volver\u00eda a dirigir en Espa\u00f1a<\/a><\/p>\n<p>Por \u00faltimo, <strong>Antoine Griezmann<\/strong> ha jugado <strong>9 partidos<\/strong> con el <strong>Atl\u00e9tico de Madrid<\/strong> y apenas ha conseguido anotar <strong>2 anotaciones<\/strong> con su equipo y de igual manera ya se especula su salida, pues desde el semestre pasado ten\u00eda todo para irse pero decidi\u00f3 quedarse con los Colchoneros un a\u00f1o m\u00e1s.<\/p>\n<p>Por su parte, el centrocampista mexicano, <strong>V\u00edctor Guzm\u00e1n<\/strong> tiene <strong>14 encuentros<\/strong> en el actual <strong>Apertura 2017<\/strong> y tiene<strong> 8 goles<\/strong>, combinado con los <strong>23 partidos<\/strong> que han jugado en conjunto los tres delanteros en Espa\u00f1a y han logrado apenas 6 anotaciones, nos arroja un gran rendimiento este semestre del mexicano.<\/p>\n<p>Por su parte, <strong>Oribe Peralta del Am\u00e9rica y El\u00edas Hern\u00e1ndez del Le\u00f3n<\/strong> tienen <strong>6 anotaciones<\/strong> en lo que va del campeonato, con lo que han empatado a los tres delanteros de los mejores equipos de Espa\u00f1a. El l\u00edder de goleo hasta el momento, <strong>Mauro Boselli<\/strong> de Le\u00f3n, tiene <strong>11 anotaciones<\/strong> en lo que va del campeonato.<\/p>\n<p style=\"text-align: center;\"><a href=\"https:\/\/www.futboltotal.com.mx\/futbol-mexicano\/liga-mx\/diego-forlan-confiesa-america-intento-ficharlo\/2017\/11\" target=\"_blank\" rel=\"noopener\">VER M\u00c1S: Diego Forl\u00e1n estuvo cerca de fichar por el Am\u00e9rica<\/a><\/p>\n","protected":false},"excerpt":{"rendered":"<p>El centrocampista de Tuzos ha tenido un semestre de ensue\u00f1o<\/p>\n","protected":false},"author":159,"featured_media":508087,"comment_status":"closed","ping_status":"closed","sticky":false,"template":"","format":"standard","meta":[],"categories":[5,2198,3845],"tags":[5191,6042,6016,7145],"_links":{"self":[{"href":"http:\/\/desarrollo.grupomedios.com\/futbol\/wp-json\/wp\/v2\/posts\/508086"}],"collection":[{"href":"http:\/\/desarrollo.grupomedios.com\/futbol\/wp-json\/wp\/v2\/posts"}],"about":[{"href":"http:\/\/desarrollo.grupomedios.com\/futbol\/wp-json\/wp\/v2\/types\/post"}],"author":[{"embeddable":true,"href":"http:\/\/desarrollo.grupomedios.com\/futbol\/wp-json\/wp\/v2\/users\/159"}],"replies":[{"embeddable":true,"href":"http:\/\/desarrollo.grupomedios.com\/futbol\/wp-json\/wp\/v2\/comments?post=508086"}],"version-history":[{"count":2,"href":"http:\/\/desarrollo.grupomedios.com\/futbol\/wp-json\/wp\/v2\/posts\/508086\/revisions"}],"predecessor-version":[{"id":508089,"href":"http:\/\/desarrollo.grupomedios.com\/futbol\/wp-json\/wp\/v2\/posts\/508086\/revisions\/508089"}],"wp:featuredmedia":[{"embeddable":true,"href":"http:\/\/desarrollo.grupomedios.com\/futbol\/wp-json\/wp\/v2\/media\/508087"}],"wp:attachment":[{"href":"http:\/\/desarrollo.grupomedios.com\/futbol\/wp-json\/wp\/v2\/media?parent=508086"}],"wp:term":[{"taxonomy":"category","embeddable":true,"href":"http:\/\/desarrollo.grupomedios.com\/futbol\/wp-json\/wp\/v2\/categories?post=508086"},{"taxonomy":"post_tag","embeddable":true,"href":"http:\/\/desarrollo.grupomedios.com\/futbol\/wp-json\/wp\/v2\/tags?post=508086"}],"curies":[{"name":"wp","href":"https:\/\/api.w.org\/{rel}","templated":true}]}}