{"id":508090,"date":"2017-11-04T15:01:41","date_gmt":"2017-11-04T21:01:41","guid":{"rendered":"https:\/\/www.futboltotal.com.mx\/?p=508090"},"modified":"2017-11-04T15:01:41","modified_gmt":"2017-11-04T21:01:41","slug":"pachuca-vs-queretaro-los-tuzos-se-juegan-la-vida","status":"publish","type":"post","link":"http:\/\/desarrollo.grupomedios.com\/futbol\/futbol-mexicano\/pachuca-vs-queretaro-los-tuzos-se-juegan-la-vida\/2017\/11","title":{"rendered":"Pachuca vs. Quer\u00e9taro, los Tuzos se juegan la vida"},"content":{"rendered":"<p>Los <em>Tuzos<\/em> del <strong>Pachuca<\/strong> reciben la visita de los <em>Gallos Blancos<\/em> de <strong>Quer\u00e9taro<\/strong> en duelo de la Jornada 16 del<strong> Torneo Apertura 2017<\/strong> de la Liga MX.<\/p>\n<p>Los hidalguenses tienen que sacar la victoria de su estadio, porque de lo contrario quedar\u00edan eliminados de la contienda por un puesto para la liguilla del futbol mexicano.<\/p>\n<p>En un inicio del torneo, los Tuzos eran uno de los grandes favoritos para ser campeones en el torneo, con algunas contrataciones bombas que hicieron como las llegadas de los chilenos Edson Puch y Angelo Sagal, sumada a la del japon\u00e9s <strong>Heisuke Honda<\/strong>.<\/p>\n<p style=\"text-align: center;\"><span style=\"color: #333399;\"><a href=\"https:\/\/www.futboltotal.com.mx\/futbol-mexicano\/diego-forlan-confiesa-america-intento-ficharlo\/2017\/11\">VER M\u00c1S:\u00a0<span class=\"item-title\">Diego Forl\u00e1n confiesa que Am\u00e9rica intent\u00f3 ficharlo<\/span><\/a><\/span><\/p>\n<p>Sin embargo, la situaci\u00f3n no ha pintado muy bien para los locales en lo que va del certamen, y est\u00e1 ara\u00f1ando esa posibilidad.<\/p>\n<p>Los Gallos Blancos de Quer\u00e9taro se encuentran en una etapa de reconstrucci\u00f3n con <strong>Luis Fernando Tena<\/strong> como el estratega que estar\u00e1 al frente del proyecto.<\/p>\n<p><strong>Jaime Ordiales<\/strong> es el nuevo presidente de los queretanos, y la gran encomienda que se tiene es mantener el futbol de Primera Divisi\u00f3n en el cuadro del centro del pa\u00eds.<\/p>\n<p style=\"text-align: center;\"><span style=\"color: #333399;\"><a href=\"https:\/\/www.futboltotal.com.mx\/futbol-mexicano\/victor-guzman-mejor-que-suarez-griezmann-benzema-juntos\/2017\/11\">VER M\u00c1S:\u00a0<span class=\"item-title\">V\u00edctor Guzm\u00e1n, mejor que Su\u00e1rez, Griezmann y Benzema juntos<\/span><\/a><\/span><\/p>\n<p><strong>V\u00edctor Guzm\u00e1n y Camilo Sanvezzo<\/strong> se mantienen en la contienda por tratar de ser el campe\u00f3n de goleo del Apertura 2017.<\/p>\n","protected":false},"excerpt":{"rendered":"<p>Los Tuzos reciben la visita de los Gallos Blancos<\/p>\n","protected":false},"author":160,"featured_media":508092,"comment_status":"closed","ping_status":"closed","sticky":false,"template":"","format":"standard","meta":[],"categories":[2198,3845],"tags":[8357,4580,64,5968,5970],"_links":{"self":[{"href":"http:\/\/desarrollo.grupomedios.com\/futbol\/wp-json\/wp\/v2\/posts\/508090"}],"collection":[{"href":"http:\/\/desarrollo.grupomedios.com\/futbol\/wp-json\/wp\/v2\/posts"}],"about":[{"href":"http:\/\/desarrollo.grupomedios.com\/futbol\/wp-json\/wp\/v2\/types\/post"}],"author":[{"embeddable":true,"href":"http:\/\/desarrollo.grupomedios.com\/futbol\/wp-json\/wp\/v2\/users\/160"}],"replies":[{"embeddable":true,"href":"http:\/\/desarrollo.grupomedios.com\/futbol\/wp-json\/wp\/v2\/comments?post=508090"}],"version-history":[{"count":1,"href":"http:\/\/desarrollo.grupomedios.com\/futbol\/wp-json\/wp\/v2\/posts\/508090\/revisions"}],"predecessor-version":[{"id":508093,"href":"http:\/\/desarrollo.grupomedios.com\/futbol\/wp-json\/wp\/v2\/posts\/508090\/revisions\/508093"}],"wp:featuredmedia":[{"embeddable":true,"href":"http:\/\/desarrollo.grupomedios.com\/futbol\/wp-json\/wp\/v2\/media\/508092"}],"wp:attachment":[{"href":"http:\/\/desarrollo.grupomedios.com\/futbol\/wp-json\/wp\/v2\/media?parent=508090"}],"wp:term":[{"taxonomy":"category","embeddable":true,"href":"http:\/\/desarrollo.grupomedios.com\/futbol\/wp-json\/wp\/v2\/categories?post=508090"},{"taxonomy":"post_tag","embeddable":true,"href":"http:\/\/desarrollo.grupomedios.com\/futbol\/wp-json\/wp\/v2\/tags?post=508090"}],"curies":[{"name":"wp","href":"https:\/\/api.w.org\/{rel}","templated":true}]}}