{"id":508094,"date":"2017-11-04T15:21:49","date_gmt":"2017-11-04T21:21:49","guid":{"rendered":"https:\/\/www.futboltotal.com.mx\/?p=508094"},"modified":"2017-11-04T15:21:49","modified_gmt":"2017-11-04T21:21:49","slug":"america-vs-puebla-las-aguilas-quieren-asegurar-la-liguilla","status":"publish","type":"post","link":"http:\/\/desarrollo.grupomedios.com\/futbol\/futbol-mexicano\/america-vs-puebla-las-aguilas-quieren-asegurar-la-liguilla\/2017\/11","title":{"rendered":"Am\u00e9rica vs Puebla, las \u00c1guilas quieren asegurar la liguilla"},"content":{"rendered":"<p>Las <em>\u00c1guilas<\/em> del<strong> Am\u00e9rica<\/strong> reciben la visita de la <em>Franja<\/em> del <strong>Puebla<\/strong> en duelo de la Jornada 16 del <strong>Torneo Apertura 2017<\/strong> de la Liga MX.<\/p>\n<p>La escuadra azulcrema se encuentra en la quinta posici\u00f3n del certamen actual, y una victoria en el estadio Azteca le asegurar\u00eda <strong>la liguilla<\/strong>.<\/p>\n<p>Sin embargo, las \u00c1guilas han ca\u00eddo en un peque\u00f1o bache de dos derrotas en fila en la<strong> Liga MX<\/strong>, frente a Necaxa y Monterrey.<\/p>\n<p style=\"text-align: center;\"><span style=\"color: #333399;\"><a href=\"https:\/\/www.futboltotal.com.mx\/futbol-mexicano\/diego-forlan-confiesa-america-intento-ficharlo\/2017\/11\">VER M\u00c1S:\u00a0<span class=\"item-title\">Diego Forl\u00e1n confiesa que Am\u00e9rica intent\u00f3 ficharlo<\/span><\/a><\/span><\/p>\n<p>La Franja ha elevado un poco su nivel en las \u00faltimas semanas desde la llegada de Enrique Meza al banquillo de los poblanos.<\/p>\n<p>Puebla viene de asestarle una goleada en casa a los Pumas, y saben que tienen que seguir sumando puntos, ya que siguen en la lucha por el no descenso.<\/p>\n<p>Por incre\u00edble que parezca, Am\u00e9rica no le ha podido ganar a Puebla en los \u00faltimos cinco partidos que se han enfrentado, y de hecho en el Azteca llevan tres empates a cero goles.<\/p>\n","protected":false},"excerpt":{"rendered":"<p>Las \u00c1guilas reciben la visita de la Franja en el Azteca<\/p>\n","protected":false},"author":160,"featured_media":508101,"comment_status":"closed","ping_status":"closed","sticky":false,"template":"","format":"standard","meta":[],"categories":[2198,3845],"tags":[5959,8357,4580,64,5969],"_links":{"self":[{"href":"http:\/\/desarrollo.grupomedios.com\/futbol\/wp-json\/wp\/v2\/posts\/508094"}],"collection":[{"href":"http:\/\/desarrollo.grupomedios.com\/futbol\/wp-json\/wp\/v2\/posts"}],"about":[{"href":"http:\/\/desarrollo.grupomedios.com\/futbol\/wp-json\/wp\/v2\/types\/post"}],"author":[{"embeddable":true,"href":"http:\/\/desarrollo.grupomedios.com\/futbol\/wp-json\/wp\/v2\/users\/160"}],"replies":[{"embeddable":true,"href":"http:\/\/desarrollo.grupomedios.com\/futbol\/wp-json\/wp\/v2\/comments?post=508094"}],"version-history":[{"count":1,"href":"http:\/\/desarrollo.grupomedios.com\/futbol\/wp-json\/wp\/v2\/posts\/508094\/revisions"}],"predecessor-version":[{"id":508102,"href":"http:\/\/desarrollo.grupomedios.com\/futbol\/wp-json\/wp\/v2\/posts\/508094\/revisions\/508102"}],"wp:featuredmedia":[{"embeddable":true,"href":"http:\/\/desarrollo.grupomedios.com\/futbol\/wp-json\/wp\/v2\/media\/508101"}],"wp:attachment":[{"href":"http:\/\/desarrollo.grupomedios.com\/futbol\/wp-json\/wp\/v2\/media?parent=508094"}],"wp:term":[{"taxonomy":"category","embeddable":true,"href":"http:\/\/desarrollo.grupomedios.com\/futbol\/wp-json\/wp\/v2\/categories?post=508094"},{"taxonomy":"post_tag","embeddable":true,"href":"http:\/\/desarrollo.grupomedios.com\/futbol\/wp-json\/wp\/v2\/tags?post=508094"}],"curies":[{"name":"wp","href":"https:\/\/api.w.org\/{rel}","templated":true}]}}