{"id":508117,"date":"2017-11-04T17:21:37","date_gmt":"2017-11-04T23:21:37","guid":{"rendered":"https:\/\/www.futboltotal.com.mx\/?p=508117"},"modified":"2017-11-04T17:21:37","modified_gmt":"2017-11-04T23:21:37","slug":"porto-2-belenense-0-primeira-liga-resumen","status":"publish","type":"post","link":"http:\/\/desarrollo.grupomedios.com\/futbol\/futbol-internacional\/porto-2-belenense-0-primeira-liga-resumen\/2017\/11","title":{"rendered":"Con un H\u00e9ctor Herrera inspirado Porto vence al Belenense"},"content":{"rendered":"<p><strong>POR: EFE<\/strong><\/p>\n<p>El <strong>Porto<\/strong> sigui\u00f3 con el buen paso dentro de la<strong> Primeira Liga<\/strong> y venci\u00f3 al <strong>Belenens<\/strong>e con una destacada actuaci\u00f3n del centrocampista mexicano, <strong>H\u00e9ctor Herrera<\/strong>, quien se despach\u00f3 con un gol y una asistencia, alargando su buen momento luego de anotar a media semana en la <strong>Champions League<\/strong>.<\/p>\n<p>Con un partido m\u00e1s, el Porto es primero con cinco puntos de diferencia sobre el Sporting y ocho sobre el Benfica. El partido fue de dominio para los<strong> Dragones<\/strong>, que lograron abrir el marcador al final de la primera mitad tras un c\u00f3rner que materializ\u00f3 <strong>Herrera<\/strong> en el segundo palo.<\/p>\n<blockquote class=\"twitter-video\" data-lang=\"es\">\n<p dir=\"ltr\" lang=\"es\">De M\u00e9xico &#x1f1f2;&#x1f1fd;para &#x1f1f5;&#x1f1f9;<br \/>\nHector Herrera dio un PARTIDAZO<br \/>\n\u2705 Marco un Gol\u26bd\ufe0f<br \/>\n\u2714\ufe0f Puso una asistencia<br \/>\nDe apoco va recuperando su nivel <a href=\"https:\/\/twitter.com\/HHerreramex?ref_src=twsrc%5Etfw\">@HHerreramex<\/a> <a href=\"https:\/\/t.co\/oguMKVDWxE\">pic.twitter.com\/oguMKVDWxE<\/a><\/p>\n<p>\u2014 DIEGOL 9\ufe0f\u20e30\ufe0f\u20e3 (@Diegoarm08) <a href=\"https:\/\/twitter.com\/Diegoarm08\/status\/926946523941883904?ref_src=twsrc%5Etfw\">4 de noviembre de 2017<\/a><\/p><\/blockquote>\n<p><script async src=\"https:\/\/platform.twitter.com\/widgets.js\" charset=\"utf-8\"><\/script><\/p>\n<p style=\"text-align: center;\"><a href=\"https:\/\/www.futboltotal.com.mx\/futbol-mexicano\/liga-mx\/victor-guzman-mejor-que-suarez-griezmann-benzema-juntos\/2017\/11\" target=\"_blank\" rel=\"noopener\">VER M\u00c1S: V\u00edctor Guzm\u00e1n, mejor que Su\u00e1rez, Griezmann y Benzema juntos<\/a><\/p>\n<p>El marcador definitivo lo sell\u00f3 en el 90 el delantero camerun\u00e9s <strong>Aboubakar,<\/strong> uno de los atacantes m\u00e1s el forma del campeonato luso. El Porto, que s\u00f3lo ha cedido un empate en las once jornadas ligueras, sorprendi\u00f3 de inicio con el mexicano<strong> Diego Reyes<\/strong>, que el a\u00f1o pasado jug\u00f3 cedido en el Espanyol y que hizo las veces de medio defensivo en sustituci\u00f3n del sancionado <strong>Danilo Pereira.<\/strong><\/p>\n<blockquote class=\"twitter-video\" data-lang=\"es\">\n<p dir=\"ltr\" lang=\"fr\">Le <a href=\"https:\/\/twitter.com\/FCPorto?ref_src=twsrc%5Etfw\">@FCPorto<\/a> s&#8217;impose 2-0 contre le Belenenses avec ce joli geste d&#8217;<a href=\"https:\/\/twitter.com\/hashtag\/Aboubakar?src=hash&amp;ref_src=twsrc%5Etfw\">#Aboubakar<\/a>. 14 buts en 16 matches cette saison pour le Camerounais <a href=\"https:\/\/t.co\/pogbq9LB7p\">pic.twitter.com\/pogbq9LB7p<\/a><\/p>\n<p>\u2014 Nicolas Vilas (@nicolas_vilas) <a href=\"https:\/\/twitter.com\/nicolas_vilas\/status\/926950478537220098?ref_src=twsrc%5Etfw\">4 de noviembre de 2017<\/a><\/p><\/blockquote>\n<p><script async src=\"https:\/\/platform.twitter.com\/widgets.js\" charset=\"utf-8\"><\/script><\/p>\n<p>Hasta la fecha,<strong> Reyes<\/strong>, que durante la temporada anterior fue uno de los destacados de la zaga espa\u00f1olista, s\u00f3lo hab\u00eda jugado 16 minutos en Liga, 15 contra el Portimonense y un minuto el pasado encuentro contra el Boavista. Por el contrario,<strong> Iker Casillas<\/strong> ocupaba la suplencia por tercera jornada consecutiva, tras la titularidad de Jos\u00e9 Sa, que, adem\u00e1s, fue convocado esta semana por Fernando Santos para los pr\u00f3ximos amistosos de Portugal.<\/p>\n<p><strong>Jes\u00fas &#8216;Tecatito&#8217; Corona<\/strong> vio acci\u00f3n entrando de cambio en el encuentro, mientras que<strong> Miguel Lay\u00fan<\/strong> no sali\u00f3 de la banca.<\/p>\n<p style=\"text-align: center;\"><a href=\"https:\/\/www.futboltotal.com.mx\/futbol-mexicano\/liga-mx\/diego-forlan-confiesa-america-intento-ficharlo\/2017\/11\" target=\"_blank\" rel=\"noopener\">VER M\u00c1S: Diego Forl\u00e1n estuvo muy cerca de fichar con Am\u00e9rica<\/a><\/p>\n","protected":false},"excerpt":{"rendered":"<p>Los Dragones siguen con una marcha perfecta en la liga<\/p>\n","protected":false},"author":159,"featured_media":508126,"comment_status":"closed","ping_status":"closed","sticky":false,"template":"","format":"standard","meta":[],"categories":[3839,7709],"tags":[11039,5995,1208,9195],"_links":{"self":[{"href":"http:\/\/desarrollo.grupomedios.com\/futbol\/wp-json\/wp\/v2\/posts\/508117"}],"collection":[{"href":"http:\/\/desarrollo.grupomedios.com\/futbol\/wp-json\/wp\/v2\/posts"}],"about":[{"href":"http:\/\/desarrollo.grupomedios.com\/futbol\/wp-json\/wp\/v2\/types\/post"}],"author":[{"embeddable":true,"href":"http:\/\/desarrollo.grupomedios.com\/futbol\/wp-json\/wp\/v2\/users\/159"}],"replies":[{"embeddable":true,"href":"http:\/\/desarrollo.grupomedios.com\/futbol\/wp-json\/wp\/v2\/comments?post=508117"}],"version-history":[{"count":1,"href":"http:\/\/desarrollo.grupomedios.com\/futbol\/wp-json\/wp\/v2\/posts\/508117\/revisions"}],"predecessor-version":[{"id":508127,"href":"http:\/\/desarrollo.grupomedios.com\/futbol\/wp-json\/wp\/v2\/posts\/508117\/revisions\/508127"}],"wp:featuredmedia":[{"embeddable":true,"href":"http:\/\/desarrollo.grupomedios.com\/futbol\/wp-json\/wp\/v2\/media\/508126"}],"wp:attachment":[{"href":"http:\/\/desarrollo.grupomedios.com\/futbol\/wp-json\/wp\/v2\/media?parent=508117"}],"wp:term":[{"taxonomy":"category","embeddable":true,"href":"http:\/\/desarrollo.grupomedios.com\/futbol\/wp-json\/wp\/v2\/categories?post=508117"},{"taxonomy":"post_tag","embeddable":true,"href":"http:\/\/desarrollo.grupomedios.com\/futbol\/wp-json\/wp\/v2\/tags?post=508117"}],"curies":[{"name":"wp","href":"https:\/\/api.w.org\/{rel}","templated":true}]}}