{"id":508173,"date":"2017-11-05T09:37:21","date_gmt":"2017-11-05T15:37:21","guid":{"rendered":"https:\/\/www.futboltotal.com.mx\/?p=508173"},"modified":"2017-11-05T09:38:13","modified_gmt":"2017-11-05T15:38:13","slug":"matias-almeyda-mi-lo-deciden-vergara-e-higuera","status":"publish","type":"post","link":"http:\/\/desarrollo.grupomedios.com\/futbol\/futbol-mexicano\/matias-almeyda-mi-lo-deciden-vergara-e-higuera\/2017\/11","title":{"rendered":"Mat\u00edas Almeyda: mi futuro lo deciden Vergara e Higuera"},"content":{"rendered":"<p><strong>POR: STAFF FT<\/strong><\/p>\n<p><strong>Mat\u00edas Almeyda<\/strong>, entrenador de las <em>Chivas Rayadas<\/em> del <strong>Guadalajara<\/strong>, acept\u00f3 que su futuro no est\u00e1 totalmente en la decisi\u00f3n de \u00e9l, sino que se tendr\u00e1 una charla con el presidente<strong> Jorge Vergara<\/strong> y el CEO, <strong>Jos\u00e9 Luis Higuera<\/strong> para decidir el rumbo del <em>Reba\u00f1o Sagrado<\/em>.<\/p>\n<p>Almeyda asegur\u00f3 que el futbol es de muchos pasajes y que es tan din\u00e1mico que hoy est\u00e1 al frente del chiver\u00edo, y ma\u00f1ana podr\u00eda estar en otro lugar.<\/p>\n<p>El t\u00e9cnico del Reba\u00f1o coment\u00f3 que el semestre que vivi\u00f3 <strong>Chivas<\/strong> le ha dado algunos sinsabores y ha extra\u00f1ado muchas cosas, en especial la lejan\u00eda con su familia de su tierra.<\/p>\n<p style=\"text-align: center;\"><span style=\"color: #333399;\"><a href=\"https:\/\/www.futboltotal.com.mx\/destacado-home\/chivas-1-atlas-2-liga-mx-apertura-2017-resumen\/2017\/11\">VER M\u00c1S:\u00a0<span class=\"item-title\">Atlas no tuvo piedad y le gan\u00f3 a Chivas el Cl\u00e1sico Tapat\u00edo<\/span><\/a><\/span><\/p>\n<p>&#8220;Todos los d\u00edas me rompo el alma para salir adelante, estoy en este pa\u00eds con mi familia lejos de mi tierra, y lo que menos me puede dar es si el equipo pierde, por supuesto me importa&#8221;, asever\u00f3 Almeyda.<\/p>\n<p>Finalmente, Mat\u00edas Almeyda dijo que &#8220;he estado con Jorge y Jos\u00e9 Luis platicando, pero ser\u00e1 hasta esta semana cuando nos reunamos para definir c\u00f3mo van a seguir las cosas en Chivas&#8221;.<\/p>\n<p>El a\u00f1o pasado, Almeyda renov\u00f3 un contrato para firmar por <strong>cinco a\u00f1os<\/strong>. Ahora s\u00f3lo ha pasado uno.<\/p>\n<p style=\"text-align: center;\"><span style=\"color: #333399;\"><a href=\"https:\/\/www.futboltotal.com.mx\/destacado-home\/chivas-4-america-2-liga-mx-femenil-resumen\/2017\/11\">VER M\u00c1S:\u00a0<span class=\"item-title\">Chivas gana primer Cl\u00e1sico Femenil ante Am\u00e9rica<\/span><\/a><\/span><\/p>\n","protected":false},"excerpt":{"rendered":"<p>El entrenador argentino acept\u00f3 que su permanencia en Chivas <\/p>\n","protected":false},"author":160,"featured_media":508174,"comment_status":"closed","ping_status":"closed","sticky":false,"template":"","format":"standard","meta":[],"categories":[2198,3845],"tags":[8357,70,243,7368,64,1420],"_links":{"self":[{"href":"http:\/\/desarrollo.grupomedios.com\/futbol\/wp-json\/wp\/v2\/posts\/508173"}],"collection":[{"href":"http:\/\/desarrollo.grupomedios.com\/futbol\/wp-json\/wp\/v2\/posts"}],"about":[{"href":"http:\/\/desarrollo.grupomedios.com\/futbol\/wp-json\/wp\/v2\/types\/post"}],"author":[{"embeddable":true,"href":"http:\/\/desarrollo.grupomedios.com\/futbol\/wp-json\/wp\/v2\/users\/160"}],"replies":[{"embeddable":true,"href":"http:\/\/desarrollo.grupomedios.com\/futbol\/wp-json\/wp\/v2\/comments?post=508173"}],"version-history":[{"count":2,"href":"http:\/\/desarrollo.grupomedios.com\/futbol\/wp-json\/wp\/v2\/posts\/508173\/revisions"}],"predecessor-version":[{"id":508176,"href":"http:\/\/desarrollo.grupomedios.com\/futbol\/wp-json\/wp\/v2\/posts\/508173\/revisions\/508176"}],"wp:featuredmedia":[{"embeddable":true,"href":"http:\/\/desarrollo.grupomedios.com\/futbol\/wp-json\/wp\/v2\/media\/508174"}],"wp:attachment":[{"href":"http:\/\/desarrollo.grupomedios.com\/futbol\/wp-json\/wp\/v2\/media?parent=508173"}],"wp:term":[{"taxonomy":"category","embeddable":true,"href":"http:\/\/desarrollo.grupomedios.com\/futbol\/wp-json\/wp\/v2\/categories?post=508173"},{"taxonomy":"post_tag","embeddable":true,"href":"http:\/\/desarrollo.grupomedios.com\/futbol\/wp-json\/wp\/v2\/tags?post=508173"}],"curies":[{"name":"wp","href":"https:\/\/api.w.org\/{rel}","templated":true}]}}