{"id":508203,"date":"2017-11-05T12:16:54","date_gmt":"2017-11-05T18:16:54","guid":{"rendered":"https:\/\/www.futboltotal.com.mx\/?p=508203"},"modified":"2017-11-05T12:16:54","modified_gmt":"2017-11-05T18:16:54","slug":"neymar-duda-brasil-amistosos-fecha-fifa","status":"publish","type":"post","link":"http:\/\/desarrollo.grupomedios.com\/futbol\/futbol-internacional\/neymar-duda-brasil-amistosos-fecha-fifa\/2017\/11","title":{"rendered":"Neymar, duda con Brasil para amistosos de Fecha FIFA"},"content":{"rendered":"<p>El brasile\u00f1o <strong>Neymar<\/strong>, estrella del <strong>Par\u00eds Saint-Germain (PSG)<\/strong>, es duda para el amistoso que su selecci\u00f3n disputar\u00e1 ante <strong>Jap\u00f3n<\/strong> el 10 de noviembre en<strong> Lille<\/strong> (<strong>Francia<\/strong>) debido a unas molestias en la pierna izquierda, inform\u00f3 hoy la prensa francesa.<\/p>\n<p>Neymar, que caus\u00f3 baja en la goleada liguera anoche ante el <strong>Angers<\/strong> (0-5), se produjo la lesi\u00f3n en el partido de la <strong>Champions League<\/strong> del martes frente al Anderlecht belga que los parisinos ganaron por 5-0.<\/p>\n<p style=\"text-align: center;\"><span style=\"color: #3366ff;\"><a href=\"https:\/\/www.futboltotal.com.mx\/futbol-internacional\/juventus-aprovecha-tropiezo-napoles-acercarse-en-serie-a\/2017\/11\">VER M\u00c1S: Juventus aprovecha tropiezo de N\u00e1poles para acercarse en Serie A<\/a><\/span><\/p>\n<p>El delantero, de 25 a\u00f1os, se realiz\u00f3 pruebas en su club el pasado jueves y aguardar\u00e1 a los pr\u00f3ximos d\u00edas para evaluar el definitivo alcance de la lesi\u00f3n con el departamento m\u00e9dico del PSG y de <strong>Brasil<\/strong>.<\/p>\n<p>La selecci\u00f3n brasile\u00f1a comenzar\u00e1 su preparaci\u00f3n para el amistoso ante Jap\u00f3n a comienzos de esta semana en el parque de los Pr\u00edncipes de Par\u00eds. EFE<\/p>\n","protected":false},"excerpt":{"rendered":"<p>El brasile\u00f1o tampoco ha tenido actividad con el PSG.<\/p>\n","protected":false},"author":129,"featured_media":466311,"comment_status":"closed","ping_status":"closed","sticky":false,"template":"","format":"standard","meta":[],"categories":[3839],"tags":[6009,2763,413,126,582,6001,1376,114],"_links":{"self":[{"href":"http:\/\/desarrollo.grupomedios.com\/futbol\/wp-json\/wp\/v2\/posts\/508203"}],"collection":[{"href":"http:\/\/desarrollo.grupomedios.com\/futbol\/wp-json\/wp\/v2\/posts"}],"about":[{"href":"http:\/\/desarrollo.grupomedios.com\/futbol\/wp-json\/wp\/v2\/types\/post"}],"author":[{"embeddable":true,"href":"http:\/\/desarrollo.grupomedios.com\/futbol\/wp-json\/wp\/v2\/users\/129"}],"replies":[{"embeddable":true,"href":"http:\/\/desarrollo.grupomedios.com\/futbol\/wp-json\/wp\/v2\/comments?post=508203"}],"version-history":[{"count":1,"href":"http:\/\/desarrollo.grupomedios.com\/futbol\/wp-json\/wp\/v2\/posts\/508203\/revisions"}],"predecessor-version":[{"id":508206,"href":"http:\/\/desarrollo.grupomedios.com\/futbol\/wp-json\/wp\/v2\/posts\/508203\/revisions\/508206"}],"wp:featuredmedia":[{"embeddable":true,"href":"http:\/\/desarrollo.grupomedios.com\/futbol\/wp-json\/wp\/v2\/media\/466311"}],"wp:attachment":[{"href":"http:\/\/desarrollo.grupomedios.com\/futbol\/wp-json\/wp\/v2\/media?parent=508203"}],"wp:term":[{"taxonomy":"category","embeddable":true,"href":"http:\/\/desarrollo.grupomedios.com\/futbol\/wp-json\/wp\/v2\/categories?post=508203"},{"taxonomy":"post_tag","embeddable":true,"href":"http:\/\/desarrollo.grupomedios.com\/futbol\/wp-json\/wp\/v2\/tags?post=508203"}],"curies":[{"name":"wp","href":"https:\/\/api.w.org\/{rel}","templated":true}]}}