{"id":508221,"date":"2017-11-05T14:03:01","date_gmt":"2017-11-05T20:03:01","guid":{"rendered":"https:\/\/www.futboltotal.com.mx\/?p=508221"},"modified":"2017-11-05T14:03:01","modified_gmt":"2017-11-05T20:03:01","slug":"chicharito-se-podria-reencontrar-david-moyes-en-west-ham","status":"publish","type":"post","link":"http:\/\/desarrollo.grupomedios.com\/futbol\/futbol-internacional\/chicharito-se-podria-reencontrar-david-moyes-en-west-ham\/2017\/11","title":{"rendered":"Chicharito se podr\u00eda reencontrar con David Moyes en el West Ham"},"content":{"rendered":"<p>El escoc\u00e9s <strong>David Moyes<\/strong>, antiguo entrenador de<strong> Everton<\/strong>, <strong>Manchester United<\/strong> y <strong>Real Sociedad<\/strong>, entre otros, se ha mostrado este domingo abierto a dirigir al <strong>West Ham United<\/strong>, equipo de <strong>Chicharito Hern\u00e1ndez<\/strong> y que podr\u00eda prescindir en las pr\u00f3ximas horas de su t\u00e9cnico, <strong>Slaven Bilic.<\/strong><\/p>\n<p>Moyes, de 54 a\u00f1os, lleva sin trabajar desde el pasado mes de mayo, cuando dej\u00f3 el <strong>Sunderland<\/strong> tras consumarse el descenso de la <strong>Premier League<\/strong> a la Championship.<\/p>\n<p style=\"text-align: center;\"><span style=\"color: #3366ff;\"><a href=\"https:\/\/www.futboltotal.com.mx\/futbol-mexicano\/liga-mx\/clasico-tapatio-atlas-chivas-termino-violencia-aficionados\/2017\/11\">VER M\u00c1S: Cl\u00e1sico Tapat\u00edo entre Atlas y Chivas termin\u00f3 con violencia entre aficionados<\/a><\/span><\/p>\n<p>&#8220;Siempre he dicho que me gustar\u00eda volver a dirigir un equipo. Si llega la oportunidad correcta, estar\u00eda interesado&#8221;, asegur\u00f3 el preparador escoc\u00e9s.<\/p>\n<p>El t\u00e9cnico, que entren\u00f3 durante 11 exitosos a\u00f1os al Everton antes de pasar sin pena ni gloria por los banquillos de Manchester United, Real Sociedad y Sunderland, es uno de los nombres que baraja la directiva del West Ham para suplir a Bilic, aunque tambi\u00e9n ha sonado para tomar las riendas de la <strong>selecci\u00f3n de Escocia<\/strong>.<\/p>\n<p>&#8220;Estar\u00eda interesado, pero en este momento el puesto no est\u00e1 disponible&#8221;, respondi\u00f3 Moyes al ser preguntado sobre la posibilidad de recalar en el West Ham. &#8220;S\u00e9 lo que debe estar sintiendo Slaven en este momento&#8221;, a\u00f1adi\u00f3.<\/p>\n<p>El equipo del este de Londres s\u00f3lo ha ganado dos de los 11 partidos de Premier League esta temporada y marcha en decimoctava posici\u00f3n, en puestos de descenso a la Championship. EFE<\/p>\n","protected":false},"excerpt":{"rendered":"<p>Hern\u00e1ndez ya fue dirigido por Moyes en el Manchester United.<\/p>\n","protected":false},"author":129,"featured_media":508225,"comment_status":"closed","ping_status":"closed","sticky":false,"template":"","format":"standard","meta":[],"categories":[3839,3846,6718],"tags":[549,4037,219,43,102,3901],"_links":{"self":[{"href":"http:\/\/desarrollo.grupomedios.com\/futbol\/wp-json\/wp\/v2\/posts\/508221"}],"collection":[{"href":"http:\/\/desarrollo.grupomedios.com\/futbol\/wp-json\/wp\/v2\/posts"}],"about":[{"href":"http:\/\/desarrollo.grupomedios.com\/futbol\/wp-json\/wp\/v2\/types\/post"}],"author":[{"embeddable":true,"href":"http:\/\/desarrollo.grupomedios.com\/futbol\/wp-json\/wp\/v2\/users\/129"}],"replies":[{"embeddable":true,"href":"http:\/\/desarrollo.grupomedios.com\/futbol\/wp-json\/wp\/v2\/comments?post=508221"}],"version-history":[{"count":1,"href":"http:\/\/desarrollo.grupomedios.com\/futbol\/wp-json\/wp\/v2\/posts\/508221\/revisions"}],"predecessor-version":[{"id":508226,"href":"http:\/\/desarrollo.grupomedios.com\/futbol\/wp-json\/wp\/v2\/posts\/508221\/revisions\/508226"}],"wp:featuredmedia":[{"embeddable":true,"href":"http:\/\/desarrollo.grupomedios.com\/futbol\/wp-json\/wp\/v2\/media\/508225"}],"wp:attachment":[{"href":"http:\/\/desarrollo.grupomedios.com\/futbol\/wp-json\/wp\/v2\/media?parent=508221"}],"wp:term":[{"taxonomy":"category","embeddable":true,"href":"http:\/\/desarrollo.grupomedios.com\/futbol\/wp-json\/wp\/v2\/categories?post=508221"},{"taxonomy":"post_tag","embeddable":true,"href":"http:\/\/desarrollo.grupomedios.com\/futbol\/wp-json\/wp\/v2\/tags?post=508221"}],"curies":[{"name":"wp","href":"https:\/\/api.w.org\/{rel}","templated":true}]}}