{"id":508227,"date":"2017-11-05T14:24:43","date_gmt":"2017-11-05T20:24:43","guid":{"rendered":"https:\/\/www.futboltotal.com.mx\/?p=508227"},"modified":"2017-11-05T14:24:43","modified_gmt":"2017-11-05T20:24:43","slug":"carlos-vela-vuelve-a-jugar-en-triunfo-la-real-sociedad","status":"publish","type":"post","link":"http:\/\/desarrollo.grupomedios.com\/futbol\/futbol-internacional\/carlos-vela-vuelve-a-jugar-en-triunfo-la-real-sociedad\/2017\/11","title":{"rendered":"Carlos Vela vuelve a jugar en triunfo de la Real Sociedad"},"content":{"rendered":"<p>La <strong>Real Sociedad<\/strong> no padeci\u00f3 sufrimiento alguno para adjudicarse el triunfo en el derbi guipuzcoano ante un<strong> Eibar<\/strong> que sigue gafado en un estadio en el que nunca gan\u00f3 y en una precaria situaci\u00f3n, a s\u00f3lo dos puntos del descenso.<\/p>\n<blockquote class=\"twitter-tweet\" data-width=\"500\">\n<p lang=\"en\" dir=\"ltr\">FINAL! <a href=\"https:\/\/t.co\/ObGNt7qq7C\">pic.twitter.com\/ObGNt7qq7C<\/a><\/p>\n<p>&mdash; Real Sociedad F\u00fatbol (@RealSociedad) <a href=\"https:\/\/twitter.com\/RealSociedad\/status\/927253870618841089?ref_src=twsrc%5Etfw\">November 5, 2017<\/a><\/p><\/blockquote>\n<p><script async src=\"https:\/\/platform.twitter.com\/widgets.js\" charset=\"utf-8\"><\/script><\/p>\n<p>La Real, en una de sus aproximaciones por la banda derecha, encontr\u00f3 la inspiraci\u00f3n del internacional <strong>Mikel Odriozola<\/strong>, que cogi\u00f3 la moto y asisti\u00f3 con un buen centro a <strong>Willian Jos\u00e9<\/strong> para que el brasile\u00f1o marcara de cabeza su cuarto tanto de la temporada.<\/p>\n<p>El Eibar no est\u00e1 bien en la presente temporada y este tanto fue un mazazo moral para los de <strong>Jos\u00e9 Luis Mendilibiar<\/strong>, que pudieron encajar un segundo tanto tras un error de<strong> David Lomb\u00e1n<\/strong> que dej\u00f3 s\u00f3lo ante el serbio <strong>Marko Dimitrovic<\/strong> al belga <strong>Adnan Januzaj<\/strong> quien, con la porter\u00eda vac\u00eda y un poco escorado, envi\u00f3 el bal\u00f3n fuera.<\/p>\n<p style=\"text-align: center;\"><a href=\"https:\/\/www.futboltotal.com.mx\/futbol-internacional\/liga-de-inglaterra\/chicharito-se-podria-reencontrar-david-moyes-en-west-ham\/2017\/11\"><span style=\"color: #3366ff;\">VER M\u00c1S: Chicharito se podr\u00eda reencontrar con David Moyes en el West Ham<\/span><\/a><\/p>\n<p>El exjugador del <strong>Manchester United<\/strong> se redimir\u00eda de ese error instantes m\u00e1s tarde: la defensa azulgrana hac\u00eda aguas y el capit\u00e1n <strong>Xabi Prieto<\/strong> lo aprovech\u00f3 para medir su pase a Januzaj que se introdujo casi con bal\u00f3n incluido en la porter\u00eda armera.<\/p>\n<p>No mejor\u00f3 la situaci\u00f3n de los eibarreses en una segunda mitad en la que la Real entr\u00f3 de cara y logr\u00f3 su tercer tanto por medio de Mikel Oyarzabal, en una jugada meritoria de <strong>Asier Illarramendi<\/strong>, resultado parcial que auguraba otra goleada en <strong>Anoeta<\/strong>.<\/p>\n<p>Fue al minuto 73&#8242; cuando el mexicano <strong>Carlos Vela<\/strong> regres\u00f3 a la canca luego de tres partidos ausente donde el mexicano se ha quedado sin participaci\u00f3n con la Real Sociedad.<\/p>\n<p>Vela ingres\u00f3 por el jugador belga Januzaj, a quien precisamente enfrentar\u00e1 con <strong>M\u00e9xico<\/strong> en la pr\u00f3xima <strong>Fecha FIFA<\/strong>.<\/p>\n<blockquote class=\"twitter-tweet\" data-width=\"500\">\n<p lang=\"es\" dir=\"ltr\">73&#39; Primer cambio en la Real, se marcha el goleador <a href=\"https:\/\/twitter.com\/adnanjanuzaj?ref_src=twsrc%5Etfw\">@adnanjanuzaj<\/a> y entra <a href=\"https:\/\/twitter.com\/11carlosV?ref_src=twsrc%5Etfw\">@11carlosV<\/a> 3-1 <a href=\"https:\/\/twitter.com\/hashtag\/RealSociedadEibar?src=hash&amp;ref_src=twsrc%5Etfw\">#RealSociedadEibar<\/a><\/p>\n<p>&mdash; Real Sociedad F\u00fatbol (@RealSociedad) <a href=\"https:\/\/twitter.com\/RealSociedad\/status\/927249247753338882?ref_src=twsrc%5Etfw\">November 5, 2017<\/a><\/p><\/blockquote>\n<p><script async src=\"https:\/\/platform.twitter.com\/widgets.js\" charset=\"utf-8\"><\/script><\/p>\n<p>El Eibar, cuando peor pintaban las cosas, empez\u00f3 a venirse arriba, los donostiarras se relajaron porque consideraban ya el triunfo como una realidad y empezaron a sufrir tras un diagn\u00f3stico err\u00f3neo. <strong>Joel Jord\u00e1n<\/strong> advirti\u00f3 a los realistas de que el partido no estaba concluido y, con un centro del exrealista <strong>Jos\u00e9 \u00c1ngel<\/strong>, el centrocampista catal\u00e1n bat\u00eda al argentino <strong>Gero Rulli<\/strong>.<\/p>\n<p>El japon\u00e9s takashi Inui puso en alg\u00fan apuro a Rulli pero los blanquiazules supieron cerrar el encuentro en el tramo final y no pasaron mayores problemas para asegurar un triunfo que le deja con 17 puntos a las puertas de Europa.<\/p>\n","protected":false},"excerpt":{"rendered":"<p>El mexicano volvi\u00f3 a la actividad con la Real Sociedad.<\/p>\n","protected":false},"author":129,"featured_media":508228,"comment_status":"closed","ping_status":"closed","sticky":false,"template":"","format":"standard","meta":[],"categories":[3839,3844,6718],"tags":[6048,7614,6214,6114,1913,4545,102],"_links":{"self":[{"href":"http:\/\/desarrollo.grupomedios.com\/futbol\/wp-json\/wp\/v2\/posts\/508227"}],"collection":[{"href":"http:\/\/desarrollo.grupomedios.com\/futbol\/wp-json\/wp\/v2\/posts"}],"about":[{"href":"http:\/\/desarrollo.grupomedios.com\/futbol\/wp-json\/wp\/v2\/types\/post"}],"author":[{"embeddable":true,"href":"http:\/\/desarrollo.grupomedios.com\/futbol\/wp-json\/wp\/v2\/users\/129"}],"replies":[{"embeddable":true,"href":"http:\/\/desarrollo.grupomedios.com\/futbol\/wp-json\/wp\/v2\/comments?post=508227"}],"version-history":[{"count":1,"href":"http:\/\/desarrollo.grupomedios.com\/futbol\/wp-json\/wp\/v2\/posts\/508227\/revisions"}],"predecessor-version":[{"id":508229,"href":"http:\/\/desarrollo.grupomedios.com\/futbol\/wp-json\/wp\/v2\/posts\/508227\/revisions\/508229"}],"wp:featuredmedia":[{"embeddable":true,"href":"http:\/\/desarrollo.grupomedios.com\/futbol\/wp-json\/wp\/v2\/media\/508228"}],"wp:attachment":[{"href":"http:\/\/desarrollo.grupomedios.com\/futbol\/wp-json\/wp\/v2\/media?parent=508227"}],"wp:term":[{"taxonomy":"category","embeddable":true,"href":"http:\/\/desarrollo.grupomedios.com\/futbol\/wp-json\/wp\/v2\/categories?post=508227"},{"taxonomy":"post_tag","embeddable":true,"href":"http:\/\/desarrollo.grupomedios.com\/futbol\/wp-json\/wp\/v2\/tags?post=508227"}],"curies":[{"name":"wp","href":"https:\/\/api.w.org\/{rel}","templated":true}]}}