{"id":508230,"date":"2017-11-05T14:46:43","date_gmt":"2017-11-05T20:46:43","guid":{"rendered":"https:\/\/www.futboltotal.com.mx\/?p=508230"},"modified":"2017-11-05T14:46:43","modified_gmt":"2017-11-05T20:46:43","slug":"raul-jimenez-participa-en-triunfo-del-benfica-2","status":"publish","type":"post","link":"http:\/\/desarrollo.grupomedios.com\/futbol\/futbol-internacional\/raul-jimenez-participa-en-triunfo-del-benfica-2\/2017\/11","title":{"rendered":"Ra\u00fal Jim\u00e9nez participa en el triunfo del Benfica"},"content":{"rendered":"<p>El <strong>Benfica<\/strong> del mexicano <strong>Ra\u00fal Jim\u00e9nez<\/strong> cumpli\u00f3 este domingo con el tr\u00e1mite liguero y venci\u00f3 por 1-3 al dif\u00edcil <strong>Vit\u00f3ria de Guimar\u00e3es<\/strong> con goles del brasile\u00f1o <strong>Jonas<\/strong>, el argentino<strong> Salvio<\/strong> y el griego <strong>Samaris<\/strong>.<\/p>\n<blockquote class=\"twitter-tweet\" data-width=\"500\">\n<p lang=\"pt\" dir=\"ltr\"><a href=\"https:\/\/twitter.com\/hashtag\/VSCSLB?src=hash&amp;ref_src=twsrc%5Etfw\">#VSCSLB<\/a> | \u23f9 Termina o encontro! | Resultado final: Vit\u00f3ria SC 1-3 SL Benfica. Rev\u00ea o jogo no nosso Game Hub \u27a1 <a href=\"https:\/\/t.co\/gTYQL55gH9\">https:\/\/t.co\/gTYQL55gH9<\/a> <a href=\"https:\/\/t.co\/a6BWUqNzVN\">pic.twitter.com\/a6BWUqNzVN<\/a><\/p>\n<p>&mdash; SL Benfica (@SLBenfica) <a href=\"https:\/\/twitter.com\/SLBenfica\/status\/927264238594338816?ref_src=twsrc%5Etfw\">November 5, 2017<\/a><\/p><\/blockquote>\n<p><script async src=\"https:\/\/platform.twitter.com\/widgets.js\" charset=\"utf-8\"><\/script><\/p>\n<p>La lata la abri\u00f3 a los 22 minutos el delantero Jon\u00e1s, ex del Valencia, que lleva ya 12 goles que lo coronan como el m\u00e1ximo artillero del campeonato portugu\u00e9s.<\/p>\n<p>El partido lo sentenciaron en los minutos 76 y 79 el griego Samaris y el argentino Salvio.<\/p>\n<p style=\"text-align: center;\"><span style=\"color: #3366ff;\"><a href=\"https:\/\/www.futboltotal.com.mx\/futbol-internacional\/liga-de-inglaterra\/chicharito-se-podria-reencontrar-david-moyes-en-west-ham\/2017\/11\">VER M\u00c1S: Chicharito se podr\u00eda reencontrar con David Moyes en el West Ham<\/a><\/span><\/p>\n<p>Fue al minuto 81&#8242; cuando el t\u00e9cnico de las \u00c1guilas, Rui Vitoria, le dio m\u00e1s minutos al atacante mexicano y Jim\u00e9nez ingres\u00f3 para la parte final del encuentro.<\/p>\n<p>https:\/\/twitter.com\/SLBenfica\/status\/927260978047324162<\/p>\n<p>A\u00fan as\u00ed, el resultado final lo maquillar\u00eda el delantero brasile\u00f1o del conjunto local, <strong>Rafael Martins<\/strong>, que, tras una buena jugada, hizo subir al luminoso el definitivo 1-3.<\/p>\n<p>Tambi\u00e9n pudieron reducir distancias en el descuento, cuando el delantero marfile\u00f1o Tallo fall\u00f3 un penalti a favor del Vit\u00f3ria de Guimar\u00e3es.<\/p>\n<p>El Benfica fue mejor que los de Guimar\u00e3es por lo que se coloca segundo en la tabla con 26 puntos (cinco menos que el Oporto), aunque el Sporting, que tiene los mismos puntos, a\u00fan no ha disputado su partido de esta jornada.<\/p>\n","protected":false},"excerpt":{"rendered":"<p>El mexicano sigue viendo acci\u00f3n con las \u00c1guilas.<\/p>\n","protected":false},"author":129,"featured_media":494867,"comment_status":"closed","ping_status":"closed","sticky":false,"template":"","format":"standard","meta":[],"categories":[3839,7709,6718],"tags":[6060,6214,3804,4545,742],"_links":{"self":[{"href":"http:\/\/desarrollo.grupomedios.com\/futbol\/wp-json\/wp\/v2\/posts\/508230"}],"collection":[{"href":"http:\/\/desarrollo.grupomedios.com\/futbol\/wp-json\/wp\/v2\/posts"}],"about":[{"href":"http:\/\/desarrollo.grupomedios.com\/futbol\/wp-json\/wp\/v2\/types\/post"}],"author":[{"embeddable":true,"href":"http:\/\/desarrollo.grupomedios.com\/futbol\/wp-json\/wp\/v2\/users\/129"}],"replies":[{"embeddable":true,"href":"http:\/\/desarrollo.grupomedios.com\/futbol\/wp-json\/wp\/v2\/comments?post=508230"}],"version-history":[{"count":1,"href":"http:\/\/desarrollo.grupomedios.com\/futbol\/wp-json\/wp\/v2\/posts\/508230\/revisions"}],"predecessor-version":[{"id":508231,"href":"http:\/\/desarrollo.grupomedios.com\/futbol\/wp-json\/wp\/v2\/posts\/508230\/revisions\/508231"}],"wp:featuredmedia":[{"embeddable":true,"href":"http:\/\/desarrollo.grupomedios.com\/futbol\/wp-json\/wp\/v2\/media\/494867"}],"wp:attachment":[{"href":"http:\/\/desarrollo.grupomedios.com\/futbol\/wp-json\/wp\/v2\/media?parent=508230"}],"wp:term":[{"taxonomy":"category","embeddable":true,"href":"http:\/\/desarrollo.grupomedios.com\/futbol\/wp-json\/wp\/v2\/categories?post=508230"},{"taxonomy":"post_tag","embeddable":true,"href":"http:\/\/desarrollo.grupomedios.com\/futbol\/wp-json\/wp\/v2\/tags?post=508230"}],"curies":[{"name":"wp","href":"https:\/\/api.w.org\/{rel}","templated":true}]}}