{"id":508279,"date":"2017-11-06T07:30:19","date_gmt":"2017-11-06T13:30:19","guid":{"rendered":"https:\/\/www.futboltotal.com.mx\/?p=508279"},"modified":"2017-11-06T07:30:19","modified_gmt":"2017-11-06T13:30:19","slug":"chicharito-hernandez-se-queda-sin-tecnico-en-west-ham","status":"publish","type":"post","link":"http:\/\/desarrollo.grupomedios.com\/futbol\/destacado-home\/chicharito-hernandez-se-queda-sin-tecnico-en-west-ham\/2017\/11","title":{"rendered":"Chicharito Hern\u00e1ndez se queda sin t\u00e9cnico en el West Ham"},"content":{"rendered":"<p><strong>Chicharito Hern\u00e1ndez<\/strong> se ha quedado sin t\u00e9cnico en el<strong> West Ham<\/strong> luego de que el club londinese hiciera oficial la salida del t\u00e9cnico croata,\u00a0<strong>Slaven Bilic<\/strong>.<\/p>\n<p>Fue a trav\u00e9s de su cuenta de Twitter donde los <strong>Hammers<\/strong> anunciaron el cese de su entrenador, que deja al equipo en la parte baja de la <strong>Premier League<\/strong> con apenas 11 puntos.<\/p>\n<p style=\"text-align: center;\"><span style=\"color: #3366ff;\"><a href=\"https:\/\/www.futboltotal.com.mx\/futbol-internacional\/liga-de-inglaterra\/chicharito-se-podria-reencontrar-david-moyes-en-west-ham\/2017\/11\">VER M\u00c1S: Chicharito se podr\u00eda reencontrar con David Moyes en el West Ham<\/a><\/span><\/p>\n<blockquote class=\"twitter-tweet\" data-width=\"500\">\n<p lang=\"en\" dir=\"ltr\">The Chairmen and board of West Ham United would like to place on record their thanks and gratitude to Slaven Bilic and his team.<a href=\"https:\/\/t.co\/rg0Jvoh9Tf\">https:\/\/t.co\/rg0Jvoh9Tf<\/a><\/p>\n<p>&mdash; West Ham United (@WestHamUtd) <a href=\"https:\/\/twitter.com\/WestHamUtd\/status\/927492406077022208?ref_src=twsrc%5Etfw\">November 6, 2017<\/a><\/p><\/blockquote>\n<p><script async src=\"https:\/\/platform.twitter.com\/widgets.js\" charset=\"utf-8\"><\/script><\/p>\n<p>Tras dos a\u00f1os de servicio, el West Ham anunci\u00f3 la salida de Bilic junto con todo su cuerpo t\u00e9cnico que inclu\u00eda a <strong>Nikola Jurcevic, Edin Terzic, Julian Dicks y Miljenko Rak<\/strong>.<\/p>\n<p>El croata deja a los Hammers en la posici\u00f3n 18 de la Premier League y con apenas 2 partidos ganados, 3 empatados y 6 perdidos.<\/p>\n<p>El West Ham dar\u00e0 a conocer al sustituto de Bilic en los pr\u00f3ximos d\u00edas y uno de los que ha tomado fuerza es el escoc\u00e9s <strong>David Moyes,<\/strong> con quien Chicharito Hern\u00e1ndez podr\u00eda reencontrarse.<\/p>\n","protected":false},"excerpt":{"rendered":"<p>Los Hammers anunciar\u00e1n a su nuevo entrenador en los pr\u00f3ximos d\u00edas.<\/p>\n","protected":false},"author":129,"featured_media":493634,"comment_status":"closed","ping_status":"closed","sticky":false,"template":"","format":"standard","meta":[],"categories":[5,3839,3846],"tags":[549,6214,334,1743],"_links":{"self":[{"href":"http:\/\/desarrollo.grupomedios.com\/futbol\/wp-json\/wp\/v2\/posts\/508279"}],"collection":[{"href":"http:\/\/desarrollo.grupomedios.com\/futbol\/wp-json\/wp\/v2\/posts"}],"about":[{"href":"http:\/\/desarrollo.grupomedios.com\/futbol\/wp-json\/wp\/v2\/types\/post"}],"author":[{"embeddable":true,"href":"http:\/\/desarrollo.grupomedios.com\/futbol\/wp-json\/wp\/v2\/users\/129"}],"replies":[{"embeddable":true,"href":"http:\/\/desarrollo.grupomedios.com\/futbol\/wp-json\/wp\/v2\/comments?post=508279"}],"version-history":[{"count":1,"href":"http:\/\/desarrollo.grupomedios.com\/futbol\/wp-json\/wp\/v2\/posts\/508279\/revisions"}],"predecessor-version":[{"id":508280,"href":"http:\/\/desarrollo.grupomedios.com\/futbol\/wp-json\/wp\/v2\/posts\/508279\/revisions\/508280"}],"wp:featuredmedia":[{"embeddable":true,"href":"http:\/\/desarrollo.grupomedios.com\/futbol\/wp-json\/wp\/v2\/media\/493634"}],"wp:attachment":[{"href":"http:\/\/desarrollo.grupomedios.com\/futbol\/wp-json\/wp\/v2\/media?parent=508279"}],"wp:term":[{"taxonomy":"category","embeddable":true,"href":"http:\/\/desarrollo.grupomedios.com\/futbol\/wp-json\/wp\/v2\/categories?post=508279"},{"taxonomy":"post_tag","embeddable":true,"href":"http:\/\/desarrollo.grupomedios.com\/futbol\/wp-json\/wp\/v2\/tags?post=508279"}],"curies":[{"name":"wp","href":"https:\/\/api.w.org\/{rel}","templated":true}]}}