{"id":508291,"date":"2017-11-06T11:51:56","date_gmt":"2017-11-06T17:51:56","guid":{"rendered":"https:\/\/www.futboltotal.com.mx\/?p=508291"},"modified":"2017-11-06T13:35:28","modified_gmt":"2017-11-06T19:35:28","slug":"11-ideal-jornada-16-apertura-2017-liga-mx","status":"publish","type":"post","link":"http:\/\/desarrollo.grupomedios.com\/futbol\/futbol-mexicano\/11-ideal-jornada-16-apertura-2017-liga-mx\/2017\/11","title":{"rendered":"El 11 ideal de la Jornada 16 del Apertura 2017 de la Liga MX"},"content":{"rendered":"<p><strong>POR: STAFF FT<\/strong><\/p>\n<p>Luego de que se jugara la pen\u00faltima fecha de la temporada regular del <strong>Apertura 2016<\/strong>, la <strong>Jornada 16<\/strong>, el <strong>Quer\u00e9taro<\/strong> ya mostr\u00f3 el estilo de juego de los equipos de <strong>Luis Fernando Tena<\/strong> y tras su triunfo en <strong>Pachuca<\/strong> fue el equipo que aport\u00f3 m\u00e1s jugadores al <strong>11 ideal<\/strong>.<\/p>\n<p>Los <strong>Gallos<\/strong> aportaron tres futbolistas al equipo ideal de la Liga MX, siendo el arquero brasile\u00f1o <strong>Tiago Volpi<\/strong> el m\u00e1s destacado luego de las m\u00faltiples atajadas que hizo ante la delantera de los <strong>Tuzos<\/strong>, partido en el que tambi\u00e9n cumplieron el lateral <strong>Jaime G\u00f3mez<\/strong> y <strong>Yerson Candelo<\/strong>, el hombre que en un contragolpe marc\u00f3 el solitario gol para devolver a los queretanos a la senda del triunfo.<\/p>\n<p style=\"text-align: center;\"><a href=\"https:\/\/www.futboltotal.com.mx\/futbol-mexicano\/liga-mx\/tigres-1-0-necaxa-liga-mx-apertura-2017-resumen\/2017\/11\" target=\"_blank\" rel=\"noopener\"><span style=\"color: #333399;\">VER M\u00c1S: Tigres venci\u00f3 a Necaxa y quiere liderato del Monterrey<\/span><\/a><\/p>\n<p>La defensa se completa con <strong>Santiago Garc\u00eda<\/strong> del <strong>Toluca<\/strong> y <strong>Alan<\/strong> <strong>Mendoza<\/strong> de los <strong>Pumas<\/strong>; este \u00faltimo logr\u00f3 un golazo de tiro libre en el empate de los felinos en su estadio ante <strong>Santos Laguna<\/strong>.<\/p>\n<p>La mitad de cancha cuenta con <strong>V\u00edctor Malcorra<\/strong> de <strong>Tijuana<\/strong>, clave para que los <strong>Xolos<\/strong> se impusieran al <strong>Le\u00f3n<\/strong>; el colombiano <strong>F\u00e9lix Micolta<\/strong>, h\u00e9roe del <strong>Puebla<\/strong> al rescatar un punto en la visita al <strong>Am\u00e9rica<\/strong> y <strong>Javier Aquino<\/strong>, uno de los futbolistas m\u00e1s regulares a lo largo de este torneo con <strong>Tigres<\/strong>.<\/p>\n<p>En la delantera aparecen <strong>Milton Caraglio<\/strong>, goleador argentino que marc\u00f3 los dos tantos con los que el <strong>Atlas<\/strong> venci\u00f3 a <strong>Chivas<\/strong> en el <strong>Cl\u00e1sico Tapat\u00edo<\/strong> y de paso entr\u00f3 a zona de <strong>Liguilla<\/strong>, <strong>Felipe<\/strong> <strong>Mora<\/strong>, el chileno que con otro doblete mantiene al <strong>Cruz<\/strong> <strong>Azul<\/strong> con aspiraciones de calificar en la \u00faltima jornada y, finalmente, <strong>Juli\u00e1n<\/strong> <strong>Qui\u00f1ones<\/strong>, colombiano que concret\u00f3 la remontada de <strong>Lobos<\/strong> <strong>BUAP<\/strong> ante el l\u00edder <strong>Monterrey<\/strong> y que a\u00fan sue\u00f1a con el t\u00edtulo de goleo.<\/p>\n<div id=\"attachment_508293\" style=\"width: 792px\" class=\"wp-caption aligncenter\"><img aria-describedby=\"caption-attachment-508293\" decoding=\"async\" loading=\"lazy\" class=\"size-large wp-image-508293\" src=\"https:\/\/www.futboltotal.com.mx\/wp-content\/uploads\/2017\/11\/11ideal-jornada-16-liga-mx-782x1024.jpg\" alt=\"El 11 ideal de la Jornada 16 del Apertura 2017 de la Liga MX 0\" srcset=\"http:\/\/desarrollo.grupomedios.com\/futbol\/wp-content\/uploads\/2017\/11\/11ideal-jornada-16-liga-mx-782x1024.jpg 782w, http:\/\/desarrollo.grupomedios.com\/futbol\/wp-content\/uploads\/2017\/11\/11ideal-jornada-16-liga-mx-229x300.jpg 229w, http:\/\/desarrollo.grupomedios.com\/futbol\/wp-content\/uploads\/2017\/11\/11ideal-jornada-16-liga-mx-768x1005.jpg 768w, http:\/\/desarrollo.grupomedios.com\/futbol\/wp-content\/uploads\/2017\/11\/11ideal-jornada-16-liga-mx.jpg 858w\" sizes=\"(max-width: 782px) 100vw, 782px\" \/><p id=\"caption-attachment-508293\" class=\"wp-caption-text\">El 11 ideal de la Jornada 16 del Apertura 2017 en la Liga MX.<\/p><\/div>\n","protected":false},"excerpt":{"rendered":"<p>Gallos aport\u00f3 a varios jugadores en el equipo ideal de la fecha 16.<\/p>\n","protected":false},"author":154,"featured_media":508296,"comment_status":"closed","ping_status":"closed","sticky":false,"template":"","format":"standard","meta":[],"categories":[7570,2198,3845],"tags":[5623,10716,8357,5961,5962,8835,8479,1434,6025,4580,9642,64,431,9024,5969,74,5970,9136,7541,5973,5974,5975,11055,11043],"_links":{"self":[{"href":"http:\/\/desarrollo.grupomedios.com\/futbol\/wp-json\/wp\/v2\/posts\/508291"}],"collection":[{"href":"http:\/\/desarrollo.grupomedios.com\/futbol\/wp-json\/wp\/v2\/posts"}],"about":[{"href":"http:\/\/desarrollo.grupomedios.com\/futbol\/wp-json\/wp\/v2\/types\/post"}],"author":[{"embeddable":true,"href":"http:\/\/desarrollo.grupomedios.com\/futbol\/wp-json\/wp\/v2\/users\/154"}],"replies":[{"embeddable":true,"href":"http:\/\/desarrollo.grupomedios.com\/futbol\/wp-json\/wp\/v2\/comments?post=508291"}],"version-history":[{"count":1,"href":"http:\/\/desarrollo.grupomedios.com\/futbol\/wp-json\/wp\/v2\/posts\/508291\/revisions"}],"predecessor-version":[{"id":508300,"href":"http:\/\/desarrollo.grupomedios.com\/futbol\/wp-json\/wp\/v2\/posts\/508291\/revisions\/508300"}],"wp:featuredmedia":[{"embeddable":true,"href":"http:\/\/desarrollo.grupomedios.com\/futbol\/wp-json\/wp\/v2\/media\/508296"}],"wp:attachment":[{"href":"http:\/\/desarrollo.grupomedios.com\/futbol\/wp-json\/wp\/v2\/media?parent=508291"}],"wp:term":[{"taxonomy":"category","embeddable":true,"href":"http:\/\/desarrollo.grupomedios.com\/futbol\/wp-json\/wp\/v2\/categories?post=508291"},{"taxonomy":"post_tag","embeddable":true,"href":"http:\/\/desarrollo.grupomedios.com\/futbol\/wp-json\/wp\/v2\/tags?post=508291"}],"curies":[{"name":"wp","href":"https:\/\/api.w.org\/{rel}","templated":true}]}}