{"id":508301,"date":"2017-11-06T09:10:31","date_gmt":"2017-11-06T15:10:31","guid":{"rendered":"https:\/\/www.futboltotal.com.mx\/?p=508301"},"modified":"2017-11-06T09:10:31","modified_gmt":"2017-11-06T15:10:31","slug":"ex-astro-frances-claude-makelele-dirigira-futbol-belgica","status":"publish","type":"post","link":"http:\/\/desarrollo.grupomedios.com\/futbol\/futbol-internacional\/ex-astro-frances-claude-makelele-dirigira-futbol-belgica\/2017\/11","title":{"rendered":"El ex astro franc\u00e9s Claude Makelele dirigir\u00e1 en el futbol de B\u00e9lgica"},"content":{"rendered":"<div id=\"texto\" class=\"texto_txt\">\n<div class=\"DETALLE_N_texto \">\n<p><strong><span id=\"ctl14_lblMostra\">POR: EFE<\/span><\/strong><\/p>\n<p><span id=\"ctl14_lblMostra\">El ex futbolista franc\u00e9s <strong>Claude Makelele<\/strong>, que estaba como t\u00e9cnico asistente de Paul Clement en el <strong>Swansea<\/strong>, se convierte en nuevo entrenador del <strong>KAS Eupen<\/strong> belga hasta 2020.<\/span><\/p>\n<p>Makelele, de 44 a\u00f1os, antiguo jugador de <strong>PSG<\/strong>, <strong>Chelsea<\/strong>, <strong>Real<\/strong> <strong>Madrid<\/strong>, <strong>Celta<\/strong>, <strong>Olympique<\/strong> <strong>de<\/strong> <strong>Marsella<\/strong> y <strong>Nantes<\/strong> ha firmado por dos a\u00f1os y medio y se pondr\u00e1 al frente del equipo este martes. Ese mismo d\u00eda se har\u00e1 su presentaci\u00f3n oficial, inform\u00f3 el Eupen en un comunicado.<\/p>\n<p style=\"text-align: center;\"><a href=\"https:\/\/www.futboltotal.com.mx\/futbol-internacional\/liga-de-inglaterra\/chicharito-hernandez-se-queda-sin-tecnico-en-west-ham\/2017\/11\" target=\"_blank\" rel=\"noopener\"><span style=\"color: #333399;\">VER M\u00c1S: Chicharito Hern\u00e1ndez se queda sin t\u00e9cnico en el West Ham<\/span><\/a><\/p>\n<p>&#8220;Estamos convencidos de que podr\u00e1 ayudar al equipo, as\u00ed como a todo el club, a lograr sus objetivos por su personalidad, su experiencia y su motivaci\u00f3n durante sus dos a\u00f1os y medio de contrato&#8221;, explic\u00f3 el Eupen.<\/p>\n<p>&#8220;El KAS Eupen desea una cordial bienvenida a su nuevo entrenador, quien dispone de un excelente palmar\u00e9s como jugador y de una s\u00f3lida experiencia de entrenador a nivel nacional. Claude Makelele, quien ha sido el &#8216;motor&#8217; en cada uno de los equipos donde ha jugado, personifica el compromiso en la cancha y el esp\u00edritu de juego limpio en el f\u00fatbol&#8221;, a\u00f1adi\u00f3.<\/p>\n<blockquote class=\"twitter-tweet\" data-lang=\"es\">\n<p dir=\"ltr\" lang=\"de\">Herzlich Wilkommen! Bienvenue <a href=\"https:\/\/twitter.com\/ClaudeMakelele?ref_src=twsrc%5Etfw\">@ClaudeMakelele<\/a>!<br \/>\n\u26ab\ufe0f\u26aa\ufe0f&#x1f43c;<a href=\"https:\/\/twitter.com\/hashtag\/kaseupen?src=hash&amp;ref_src=twsrc%5Etfw\">#kaseupen<\/a> <a href=\"https:\/\/twitter.com\/hashtag\/newcoach?src=hash&amp;ref_src=twsrc%5Etfw\">#newcoach<\/a> <a href=\"https:\/\/twitter.com\/Aspire_Academy?ref_src=twsrc%5Etfw\">@Aspire_Academy<\/a> <a href=\"https:\/\/twitter.com\/JPLeagueFR?ref_src=twsrc%5Etfw\">@JPLeagueFR<\/a> -&gt; <a href=\"https:\/\/t.co\/5m4K5zIgqP\">https:\/\/t.co\/5m4K5zIgqP<\/a> <a href=\"https:\/\/t.co\/YhGTIfzjFg\">pic.twitter.com\/YhGTIfzjFg<\/a><\/p>\n<p>\u2014 KAS Eupen (@kas_eupen) <a href=\"https:\/\/twitter.com\/kas_eupen\/status\/927481013927849984?ref_src=twsrc%5Etfw\">6 de noviembre de 2017<\/a><\/p><\/blockquote>\n<p><script async src=\"https:\/\/platform.twitter.com\/widgets.js\" charset=\"utf-8\"><\/script><\/p>\n<p>El Eupen s\u00f3lo ha ganado dos partidos de 14 jugados y ocupa la \u00faltima posici\u00f3n en la liga belga con 10 puntos.<\/p>\n<\/div>\n<\/div>\n","protected":false},"excerpt":{"rendered":"<p>El franc\u00e9s, parte de los Gal\u00e1cticos del Real Madrid, dirigir\u00e1 en el futbol belga.<\/p>\n","protected":false},"author":154,"featured_media":508304,"comment_status":"closed","ping_status":"closed","sticky":false,"template":"","format":"standard","meta":[],"categories":[3839,9806,3846],"tags":[599,2374,5981,11056,11057,8956,7469,114,5988,1427],"_links":{"self":[{"href":"http:\/\/desarrollo.grupomedios.com\/futbol\/wp-json\/wp\/v2\/posts\/508301"}],"collection":[{"href":"http:\/\/desarrollo.grupomedios.com\/futbol\/wp-json\/wp\/v2\/posts"}],"about":[{"href":"http:\/\/desarrollo.grupomedios.com\/futbol\/wp-json\/wp\/v2\/types\/post"}],"author":[{"embeddable":true,"href":"http:\/\/desarrollo.grupomedios.com\/futbol\/wp-json\/wp\/v2\/users\/154"}],"replies":[{"embeddable":true,"href":"http:\/\/desarrollo.grupomedios.com\/futbol\/wp-json\/wp\/v2\/comments?post=508301"}],"version-history":[{"count":1,"href":"http:\/\/desarrollo.grupomedios.com\/futbol\/wp-json\/wp\/v2\/posts\/508301\/revisions"}],"predecessor-version":[{"id":508305,"href":"http:\/\/desarrollo.grupomedios.com\/futbol\/wp-json\/wp\/v2\/posts\/508301\/revisions\/508305"}],"wp:featuredmedia":[{"embeddable":true,"href":"http:\/\/desarrollo.grupomedios.com\/futbol\/wp-json\/wp\/v2\/media\/508304"}],"wp:attachment":[{"href":"http:\/\/desarrollo.grupomedios.com\/futbol\/wp-json\/wp\/v2\/media?parent=508301"}],"wp:term":[{"taxonomy":"category","embeddable":true,"href":"http:\/\/desarrollo.grupomedios.com\/futbol\/wp-json\/wp\/v2\/categories?post=508301"},{"taxonomy":"post_tag","embeddable":true,"href":"http:\/\/desarrollo.grupomedios.com\/futbol\/wp-json\/wp\/v2\/tags?post=508301"}],"curies":[{"name":"wp","href":"https:\/\/api.w.org\/{rel}","templated":true}]}}