{"id":508307,"date":"2017-11-06T09:42:13","date_gmt":"2017-11-06T15:42:13","guid":{"rendered":"https:\/\/www.futboltotal.com.mx\/?p=508307"},"modified":"2017-11-06T09:42:13","modified_gmt":"2017-11-06T15:42:13","slug":"siempre-quise-fichar-a-chicharito-dt-belgica-roberto-martinez","status":"publish","type":"post","link":"http:\/\/desarrollo.grupomedios.com\/futbol\/destacado-home\/siempre-quise-fichar-a-chicharito-dt-belgica-roberto-martinez\/2017\/11","title":{"rendered":"Siempre quise fichar a Chicharito: DT de B\u00e9lgica"},"content":{"rendered":"<p>Previo al partido que disputar\u00e1n los <strong>Diablos Rojos<\/strong> ante la <strong>Selecci\u00f3n Mexicana<\/strong> el pr\u00f3ximo viernes en <strong>Bruselas<\/strong>, el director t\u00e9cnico de <strong>B\u00e9lgica<\/strong>, <strong>Roberto Mart\u00ednez<\/strong>, confes\u00f3 que <strong>Javier Hern\u00e1ndez<\/strong> es uno de sus futbolistas preferidos del TRI y que quiso ficharlo cuando estaba dirigiendo en la <strong>Premier League.<\/strong><\/p>\n<p>&#8220;Me encanta el jugador mexicano porque le gusta tener el bal\u00f3n y es muy din\u00e1mico. Siempre tuve una debilidad por <strong>Chicharito<\/strong>, quise ficharlo porque tiene un gran talento y lamentablemente no se pudo. Siempre me toca enfrentarlo&#8221;, coment\u00f3 el t\u00e9cnico espa\u00f1ol.<\/p>\n<p>Respecto al duelo que tendr\u00e1 B\u00e9lgica ante <strong>M\u00e9xico<\/strong>, el entrenador destac\u00f3 las cualidades del equipo mexicano y lo que ser\u00e1 enfrentarlos como preparaci\u00f3n rumbo al <strong>Mundial de Rusia 2018.<\/strong><\/p>\n<p style=\"text-align: center;\"><span style=\"color: #3366ff;\"><a href=\"https:\/\/www.futboltotal.com.mx\/futbol-internacional\/liga-de-inglaterra\/chicharito-hernandez-se-queda-sin-tecnico-en-west-ham\/2017\/11\">VER M\u00c1S: Chicharito Hern\u00e1ndez se queda sin t\u00e9cnico en el West Ham<\/a><\/span><\/p>\n<p>&#8220;Poder luchar con un equipo con la calidad t\u00e9cnica de la Selecci\u00f3n Mexicana nos dar\u00e1 una buena preparaci\u00f3n para el Mundial. Son dos equipos bastantes similares que nos gusta tener la posesi\u00f3n de juego y tener uno contra uno; ambos estamos hechos para ganar el partido&#8221;, dijo Mart\u00ednez en entrevista con <em>Agenda Fox Sports.<\/em><\/p>\n<p>Roberto Mart\u00ednez, que dirigi\u00f3 al <strong>Wigan Athletic<\/strong> y al <strong>Everton<\/strong> en la Premier League, tambi\u00e9n habl\u00f3 sobre el t\u00e9cnico del TRI, <strong>Juan Carlos Osorio<\/strong>, a quien llen\u00f3 de elogios por su forma de dirigir y conocimiento t\u00e1ctico.<\/p>\n<p>&#8220;Para m\u00ed la idea de Juan Carlos Osorio me encanta, y no es f\u00e1cil pero es muy atrevida y si sale bien, es muy buena. Hoy en d\u00eda es importante conocer los conceptos, los sistemas tienen que ser flexibles y debes adaptarte a la necesidad del juego y de los contrarios, es una gran ventaja, porque hace que el futbolista tenga que tomar decisiones en el juego.<\/p>\n<p>&#8220;Est\u00e1 obsesionado por el futbol, tiene pasi\u00f3n y desborda con su inter\u00e9s y filosof\u00eda. Lo respeto inmensamente, lo f\u00e1cil es hacer lo b\u00e1sico y no sacar a sus jugadores de la zona de confort&#8221;, finaliz\u00f3.<\/p>\n<p style=\"text-align: center;\"><span style=\"color: #3366ff;\"><a href=\"https:\/\/www.futboltotal.com.mx\/copa-mundial-de-futbol-2018\/adidas-presenta-camisetas-retro-mundial-2018\">VER M\u00c1S: Adidas presenta camisetas retro para Mundial de 2018<\/a><\/span><\/p>\n","protected":false},"excerpt":{"rendered":"<p>El t\u00e9cnico destac\u00f3 la calidad de Chicharito y el TRI.<\/p>\n","protected":false},"author":129,"featured_media":508310,"comment_status":"closed","ping_status":"closed","sticky":false,"template":"","format":"standard","meta":[],"categories":[5,3839,3847],"tags":[599,5985,549,443,219,6196,65,2501,3747],"_links":{"self":[{"href":"http:\/\/desarrollo.grupomedios.com\/futbol\/wp-json\/wp\/v2\/posts\/508307"}],"collection":[{"href":"http:\/\/desarrollo.grupomedios.com\/futbol\/wp-json\/wp\/v2\/posts"}],"about":[{"href":"http:\/\/desarrollo.grupomedios.com\/futbol\/wp-json\/wp\/v2\/types\/post"}],"author":[{"embeddable":true,"href":"http:\/\/desarrollo.grupomedios.com\/futbol\/wp-json\/wp\/v2\/users\/129"}],"replies":[{"embeddable":true,"href":"http:\/\/desarrollo.grupomedios.com\/futbol\/wp-json\/wp\/v2\/comments?post=508307"}],"version-history":[{"count":1,"href":"http:\/\/desarrollo.grupomedios.com\/futbol\/wp-json\/wp\/v2\/posts\/508307\/revisions"}],"predecessor-version":[{"id":508311,"href":"http:\/\/desarrollo.grupomedios.com\/futbol\/wp-json\/wp\/v2\/posts\/508307\/revisions\/508311"}],"wp:featuredmedia":[{"embeddable":true,"href":"http:\/\/desarrollo.grupomedios.com\/futbol\/wp-json\/wp\/v2\/media\/508310"}],"wp:attachment":[{"href":"http:\/\/desarrollo.grupomedios.com\/futbol\/wp-json\/wp\/v2\/media?parent=508307"}],"wp:term":[{"taxonomy":"category","embeddable":true,"href":"http:\/\/desarrollo.grupomedios.com\/futbol\/wp-json\/wp\/v2\/categories?post=508307"},{"taxonomy":"post_tag","embeddable":true,"href":"http:\/\/desarrollo.grupomedios.com\/futbol\/wp-json\/wp\/v2\/tags?post=508307"}],"curies":[{"name":"wp","href":"https:\/\/api.w.org\/{rel}","templated":true}]}}