{"id":508317,"date":"2017-11-06T11:26:17","date_gmt":"2017-11-06T17:26:17","guid":{"rendered":"https:\/\/www.futboltotal.com.mx\/?p=508317"},"modified":"2017-11-06T11:26:17","modified_gmt":"2017-11-06T17:26:17","slug":"aseguran-en-australia-se-burlan-honduras-humilde","status":"publish","type":"post","link":"http:\/\/desarrollo.grupomedios.com\/futbol\/futbol-internacional\/aseguran-en-australia-se-burlan-honduras-humilde\/2017\/11","title":{"rendered":"Aseguran que en Australia se burlan de Honduras por ser humilde"},"content":{"rendered":"<p>El <strong>presidente de la Federaci\u00f3n de F\u00fatbol de Honduras<\/strong>, <strong>Jorge Salom\u00f3n<\/strong>, afirm\u00f3 hoy que en <strong>Australia<\/strong> se ha hablado mal del pa\u00eds por ser &#8220;humilde&#8221;, previo al primer partido del 10 de noviembre de la repesca en busca de la clasificaci\u00f3n al <strong>Mundial de Rusia 2018<\/strong>.<\/p>\n<p>&#8220;L\u00e1stima que en Australia se est\u00e9n expresando de esa manera, la \u00fanica raz\u00f3n: porque somos un pa\u00eds humilde&#8221;, enfatiz\u00f3 Salom\u00f3n en entrevista con Efe en Tegucigalpa.<\/p>\n<p style=\"text-align: center;\"><span style=\"color: #3366ff;\"><a href=\"https:\/\/www.futboltotal.com.mx\/futbol-internacional\/liga-de-belgica\/ex-astro-frances-claude-makelele-dirigira-futbol-belgica\/2017\/11\">VER M\u00c1S: El ex astro franc\u00e9s Claude Makelele dirigir\u00e1 en el futbol de B\u00e9lgica<\/a><\/span><\/p>\n<p>Agreg\u00f3 que a Honduras, que no pudo clasificarse de manera directa al mundial en la <strong>eliminatoria de la Concacaf<\/strong>, han venido selecciones de <strong>M\u00e9xico, Costa Rica y Estados Unidos<\/strong>, &#8220;y a todas se les ha recibido bien y nunca ha habido ning\u00fan inconveniente&#8221;.<\/p>\n<p>&#8220;As\u00ed que con Australia no va a ser la excepci\u00f3n, ellos llegan y se les va a recibir como se debe, y van a tener todas las atenciones y colaboraciones de parte de Honduras para que puedan hacer su trabajo&#8221;, recalc\u00f3.<\/p>\n<p>Todas estas reacciones se dan por las burlas que se dieron en un programa donde estaba como invitado el jugador australiano, <strong>Tim Cahil<\/strong>. Los presentadores hablaron de <strong>San Pedro Sula<\/strong> como la &#8220;la capital de los asesinatos&#8221;.<\/p>\n<p>&#8220;Ya hablando en serio, van a la capital mundial de los asesinatos, si ganan semeja que lo que contin\u00faa es jugar contra <strong>ISIS<\/strong>&#8220;, y volvieron a re\u00edrse de Honduras.<\/p>\n<p style=\"text-align: center;\"><span style=\"color: #3366ff;\"><a href=\"https:\/\/www.futboltotal.com.mx\/copa-mundial-de-futbol-2018\/adidas-presenta-camisetas-retro-mundial-2018\">VER M\u00c1S: Adidas presenta camisetas retro para Mundial de 2018<\/a><\/span><\/p>\n<p><iframe loading=\"lazy\" src=\"https:\/\/www.youtube.com\/embed\/v1yB75SMrVA?feature=oembed\" frameborder=\"0\" gesture=\"media\" allowfullscreen><\/iframe><\/p>\n","protected":false},"excerpt":{"rendered":"<p>Los australianos se burlaron de lo peligrosa que es San Pedro Sula, capital hondure\u00f1a.<\/p>\n","protected":false},"author":129,"featured_media":508319,"comment_status":"closed","ping_status":"closed","sticky":false,"template":"","format":"standard","meta":[],"categories":[3839],"tags":[636,282,361,800,1125,11058,3322,11059],"_links":{"self":[{"href":"http:\/\/desarrollo.grupomedios.com\/futbol\/wp-json\/wp\/v2\/posts\/508317"}],"collection":[{"href":"http:\/\/desarrollo.grupomedios.com\/futbol\/wp-json\/wp\/v2\/posts"}],"about":[{"href":"http:\/\/desarrollo.grupomedios.com\/futbol\/wp-json\/wp\/v2\/types\/post"}],"author":[{"embeddable":true,"href":"http:\/\/desarrollo.grupomedios.com\/futbol\/wp-json\/wp\/v2\/users\/129"}],"replies":[{"embeddable":true,"href":"http:\/\/desarrollo.grupomedios.com\/futbol\/wp-json\/wp\/v2\/comments?post=508317"}],"version-history":[{"count":1,"href":"http:\/\/desarrollo.grupomedios.com\/futbol\/wp-json\/wp\/v2\/posts\/508317\/revisions"}],"predecessor-version":[{"id":508320,"href":"http:\/\/desarrollo.grupomedios.com\/futbol\/wp-json\/wp\/v2\/posts\/508317\/revisions\/508320"}],"wp:featuredmedia":[{"embeddable":true,"href":"http:\/\/desarrollo.grupomedios.com\/futbol\/wp-json\/wp\/v2\/media\/508319"}],"wp:attachment":[{"href":"http:\/\/desarrollo.grupomedios.com\/futbol\/wp-json\/wp\/v2\/media?parent=508317"}],"wp:term":[{"taxonomy":"category","embeddable":true,"href":"http:\/\/desarrollo.grupomedios.com\/futbol\/wp-json\/wp\/v2\/categories?post=508317"},{"taxonomy":"post_tag","embeddable":true,"href":"http:\/\/desarrollo.grupomedios.com\/futbol\/wp-json\/wp\/v2\/tags?post=508317"}],"curies":[{"name":"wp","href":"https:\/\/api.w.org\/{rel}","templated":true}]}}