{"id":508332,"date":"2017-11-06T13:33:40","date_gmt":"2017-11-06T19:33:40","guid":{"rendered":"https:\/\/www.futboltotal.com.mx\/?p=508332"},"modified":"2017-11-06T13:34:51","modified_gmt":"2017-11-06T19:34:51","slug":"dos-seleccionados-mexico-relacionados-con-paradise-papers","status":"publish","type":"post","link":"http:\/\/desarrollo.grupomedios.com\/futbol\/destacado-home\/dos-seleccionados-mexico-relacionados-con-paradise-papers\/2017\/11","title":{"rendered":"Dos seleccionados de M\u00e9xico, relacionados con el Paradise Papers"},"content":{"rendered":"<p><strong>Paradise Papers\u00a0<\/strong>es la investigaci\u00f3n que ha puesto en marcha el\u00a0<b>Consorcio Internacional de Periodistas de Investigaci\u00f3n <\/b>(CIJ sus siglas en ingl\u00e9s) en busca de personas que han hecho uso de para\u00edsos fiscales en busca de evadir impuestos, caso en el que est\u00e1n involucrados dos seleccionados de M\u00e9xico.<\/p>\n<p>Hasta ahora no se conocen los nombres de los dos futbolistas aztecas, aunque s\u00ed ha trascendido que juegan en el futbol de <strong>Europa<\/strong>, lo que reduce la lista de posibles implicados.<\/p>\n<p>Esta informaci\u00f3n fue dada a conocer por la revista Proceso, que hace menci\u00f3n de hasta <strong>62 mexicanos<\/strong> vinculados con este esc\u00e1ndalo en t\u00e9rminos fiscales.<\/p>\n<p style=\"text-align: center;\"><a href=\"https:\/\/www.futboltotal.com.mx\/futbol-mexicano\/liga-mx\/chivas-cronica-fracaso-inesperado\/2017\/11\" target=\"_blank\" rel=\"noopener\"><span style=\"color: #333399;\">VER M\u00c1S: Chivas, cr\u00f3nica de un fracaso inesperado<\/span><\/a><\/p>\n<p>&#8220;Por lo menos 62 ciudadanos mexicanos \u2013magnates, empresarios, personajes vinculados con pol\u00edticos e incluso futbolistas de renombre que juegan en Europa\u2013 eligieron el para\u00edso fiscal para operar sociedades, de acuerdo con registros de <strong>Malta<\/strong> obtenidos por el peri\u00f3dico alem\u00e1n S\u00fcddeutsche Zeitung&#8221;, menciona la publicaci\u00f3n.<\/p>\n<p>Adem\u00e1s de los futbolistas mexicanos, en t\u00e9rminos deportivos tambi\u00e9n se habla de personajes como el piloto ingl\u00e9s<b> Lewis Hamilton,<\/b>\u00a0los clubes <b>Arsenal <\/b>y <b>Everton <\/b>de la <b>Premier League<\/b> inglesa y la marca deportiva <b>Nike<\/b>.<\/p>\n<p>Los distintos nombres y entidades relacionadas con el Paradise Papers son investigados por enviar dinero a\u00a0<b>Islas Caim\u00e1n, Bermudas, Barbados<\/b> y <b>Malta,\u00a0<\/b>regiones donde el pago de impuestos es menor.<\/p>\n","protected":false},"excerpt":{"rendered":"<p>Los jugadores del Tri habr\u00edan incurrido en evasi\u00f3n de impuestos.<\/p>\n","protected":false},"author":154,"featured_media":508337,"comment_status":"closed","ping_status":"closed","sticky":false,"template":"","format":"standard","meta":[],"categories":[5,3839,2198,3847],"tags":[11063,191,65,11062],"_links":{"self":[{"href":"http:\/\/desarrollo.grupomedios.com\/futbol\/wp-json\/wp\/v2\/posts\/508332"}],"collection":[{"href":"http:\/\/desarrollo.grupomedios.com\/futbol\/wp-json\/wp\/v2\/posts"}],"about":[{"href":"http:\/\/desarrollo.grupomedios.com\/futbol\/wp-json\/wp\/v2\/types\/post"}],"author":[{"embeddable":true,"href":"http:\/\/desarrollo.grupomedios.com\/futbol\/wp-json\/wp\/v2\/users\/154"}],"replies":[{"embeddable":true,"href":"http:\/\/desarrollo.grupomedios.com\/futbol\/wp-json\/wp\/v2\/comments?post=508332"}],"version-history":[{"count":1,"href":"http:\/\/desarrollo.grupomedios.com\/futbol\/wp-json\/wp\/v2\/posts\/508332\/revisions"}],"predecessor-version":[{"id":508338,"href":"http:\/\/desarrollo.grupomedios.com\/futbol\/wp-json\/wp\/v2\/posts\/508332\/revisions\/508338"}],"wp:featuredmedia":[{"embeddable":true,"href":"http:\/\/desarrollo.grupomedios.com\/futbol\/wp-json\/wp\/v2\/media\/508337"}],"wp:attachment":[{"href":"http:\/\/desarrollo.grupomedios.com\/futbol\/wp-json\/wp\/v2\/media?parent=508332"}],"wp:term":[{"taxonomy":"category","embeddable":true,"href":"http:\/\/desarrollo.grupomedios.com\/futbol\/wp-json\/wp\/v2\/categories?post=508332"},{"taxonomy":"post_tag","embeddable":true,"href":"http:\/\/desarrollo.grupomedios.com\/futbol\/wp-json\/wp\/v2\/tags?post=508332"}],"curies":[{"name":"wp","href":"https:\/\/api.w.org\/{rel}","templated":true}]}}