{"id":508341,"date":"2017-11-06T13:52:45","date_gmt":"2017-11-06T19:52:45","guid":{"rendered":"https:\/\/www.futboltotal.com.mx\/?p=508341"},"modified":"2017-11-06T15:27:47","modified_gmt":"2017-11-06T21:27:47","slug":"bundesliga-despide-al-responsable-del-var","status":"publish","type":"post","link":"http:\/\/desarrollo.grupomedios.com\/futbol\/futbol-internacional\/bundesliga-despide-al-responsable-del-var\/2017\/11","title":{"rendered":"Bundesliga despide al responsable del VAR"},"content":{"rendered":"<p>La<strong> Federaci\u00f3n Alemana de Futbol (DFB)<\/strong> decidi\u00f3 sustituir al m\u00e1ximo responsable del sistema de <strong>videoarbitraje (VAR)<\/strong> en la <strong>Bundesliga<\/strong>, <strong>Hellmut Krug<\/strong>, luego de las constantes cr\u00edticas y acusaciones que este programa ha recibido.<\/p>\n<p>En la primera temporada que el VAR es utilizado en algunas de las ligas europeas m\u00e1s importantes como la Bundesliga, ha causado pol\u00e9mica debido a las decisiones tomadas en jugadas determinantes para algunos partidos.<\/p>\n<p style=\"text-align: center;\"><span style=\"color: #3366ff;\"><a href=\"https:\/\/www.futboltotal.com.mx\/futbol-internacional\/siempre-quise-fichar-a-chicharito-dt-belgica-roberto-martinez\/2017\/11\">VER M\u00c1S: Siempre quise fichar a Chicharito: DT de B\u00e9lgica<\/a><\/span><\/p>\n<p>Por ello, la federaci\u00f3n teutona ha decidido tomar cartas en el asunto y por medio de un comunicado de prensa anunci\u00f3 la salida de Krug, quien ser\u00e1 reemplazado por <strong>Lutz Michael Fr\u00f6hlich<\/strong>, que fung\u00eda como jefe arbitral de la competencia alemana.<\/p>\n<p>Todo esto en un claro intento por frenar las fuertes cr\u00edticas y calmar los \u00e1nimos de los aficionados, que comienzan a cuestionarse si la tecnolog\u00eda tiene cabida en el futbol o es algo que perjudica el espect\u00e1culo.<\/p>\n<p><em>Por: Notimex<\/em><\/p>\n","protected":false},"excerpt":{"rendered":"<p>La DFB decidi\u00f3 hacer cambios tras las constantes cr\u00edticas que ha recibido el VAR.<\/p>\n","protected":false},"author":129,"featured_media":508342,"comment_status":"closed","ping_status":"closed","sticky":false,"template":"","format":"standard","meta":[],"categories":[9808,3839],"tags":[119,6214,9078],"_links":{"self":[{"href":"http:\/\/desarrollo.grupomedios.com\/futbol\/wp-json\/wp\/v2\/posts\/508341"}],"collection":[{"href":"http:\/\/desarrollo.grupomedios.com\/futbol\/wp-json\/wp\/v2\/posts"}],"about":[{"href":"http:\/\/desarrollo.grupomedios.com\/futbol\/wp-json\/wp\/v2\/types\/post"}],"author":[{"embeddable":true,"href":"http:\/\/desarrollo.grupomedios.com\/futbol\/wp-json\/wp\/v2\/users\/129"}],"replies":[{"embeddable":true,"href":"http:\/\/desarrollo.grupomedios.com\/futbol\/wp-json\/wp\/v2\/comments?post=508341"}],"version-history":[{"count":3,"href":"http:\/\/desarrollo.grupomedios.com\/futbol\/wp-json\/wp\/v2\/posts\/508341\/revisions"}],"predecessor-version":[{"id":508351,"href":"http:\/\/desarrollo.grupomedios.com\/futbol\/wp-json\/wp\/v2\/posts\/508341\/revisions\/508351"}],"wp:featuredmedia":[{"embeddable":true,"href":"http:\/\/desarrollo.grupomedios.com\/futbol\/wp-json\/wp\/v2\/media\/508342"}],"wp:attachment":[{"href":"http:\/\/desarrollo.grupomedios.com\/futbol\/wp-json\/wp\/v2\/media?parent=508341"}],"wp:term":[{"taxonomy":"category","embeddable":true,"href":"http:\/\/desarrollo.grupomedios.com\/futbol\/wp-json\/wp\/v2\/categories?post=508341"},{"taxonomy":"post_tag","embeddable":true,"href":"http:\/\/desarrollo.grupomedios.com\/futbol\/wp-json\/wp\/v2\/tags?post=508341"}],"curies":[{"name":"wp","href":"https:\/\/api.w.org\/{rel}","templated":true}]}}