{"id":508359,"date":"2017-11-06T19:44:42","date_gmt":"2017-11-07T01:44:42","guid":{"rendered":"https:\/\/www.futboltotal.com.mx\/?p=508359"},"modified":"2017-11-06T19:44:40","modified_gmt":"2017-11-07T01:44:40","slug":"erick-gutierrez-dejara-pachuca-por-psv-eindhoven-en-mayo","status":"publish","type":"post","link":"http:\/\/desarrollo.grupomedios.com\/futbol\/destacado-home\/erick-gutierrez-dejara-pachuca-por-psv-eindhoven-en-mayo\/2017\/11","title":{"rendered":"Erick Guti\u00e9rrez dejar\u00e1 Pachuca por PSV Eindhoven en mayo"},"content":{"rendered":"<p><strong>POR: STAFF FT<\/strong><\/p>\n<p>El mediocampista de los <strong>Tuzos del Pachuca<\/strong>, <strong>Erick Guti\u00e9rrez<\/strong>, estar\u00eda viviendo sus \u00faltimos momentos en la<strong> Liga MX<\/strong> pues ser\u00eda al t\u00e9rmino del pr\u00f3ximo torneo <strong>Clausura 2018<\/strong>, que se marchar\u00eda al futbol de Europa y todo parece indicar que ser\u00e1 con el PSV Eindhoven, donde juego su ex compa\u00f1ero,<strong> Hirving &#8216;Chucky&#8217; Lozano<\/strong>.<\/p>\n<p>De acuerdo a ESPN, partir\u00e1 al Viejo Continente con los <strong>Granjeros<\/strong> un mes antes de la\u00a0<strong>Copa Mundial de Rusia 2018<\/strong> y con apenas 23 a\u00f1os de edad. Adem\u00e1s que los esfuerzos del presidente de Pachuca por llevarlo al futbol de primer nivel habr\u00edan dado frutos, pues fue \u00e9l quien se encarg\u00f3 de convencer a los dirigentes del cuadro holand\u00e9s para llevarse al centrocampista mexicano.<\/p>\n<p style=\"text-align: center;\"><a href=\"https:\/\/www.futboltotal.com.mx\/copa-mundial-de-futbol-2018\/messi-revela-nuevo-jersey-argentina-mundial-rusia-2018\" target=\"_blank\" rel=\"noopener\">VER M\u00c1S: Este es el jersey de Argentina para Rusia 2018<\/a><\/p>\n<p><strong>Erick Guti\u00e9rrez<\/strong> est\u00e1 valorado en <strong>cinco millones de euros<\/strong> y su posici\u00f3n, aunque parte como un medio de contenci\u00f3n, se ha convertido en un todo terreno del mediocampo pero sus cualidades ofensivas, visi\u00f3n de juego, adem\u00e1s de t\u00e9cnica privilegiada son las que ha destacado en M\u00e9xico, adem\u00e1s de su liderazgo pues hoy es el capit\u00e1n del cuadro Tuzo.<\/p>\n<p>Con esto ser\u00eda uno de los jugadores que Pachuca logra vender al futbol de Europa, como lo ha hecho con el &#8216;Chucky&#8217; Lozano y anteriormente con <strong>H\u00e9ctor Herrera<\/strong>, quien fue vendido al <strong>Porto<\/strong> de Portugal y hoy en d\u00eda goza de una carrera en el Viejo Contiente y adem\u00e1s es uno de los capitanes de los <strong>Dragones.<\/strong><\/p>\n<p style=\"text-align: center;\"><a href=\"https:\/\/www.futboltotal.com.mx\/futbol-internacional\/pepe-arremete-contra-la-aficion-del-real-madrid\/2017\/11\" target=\"_blank\" rel=\"noopener\">VER M\u00c1S: Pepe arremete contra afici\u00f3n del Real Madrid<\/a><\/p>\n<p>&nbsp;<\/p>\n","protected":false},"excerpt":{"rendered":"<p>El mediocampista mexicano llegar\u00eda al Viejo Continente<\/p>\n","protected":false},"author":159,"featured_media":508360,"comment_status":"closed","ping_status":"closed","sticky":false,"template":"","format":"standard","meta":[],"categories":[5,2198,3845],"tags":[6158,64,5968,3224],"_links":{"self":[{"href":"http:\/\/desarrollo.grupomedios.com\/futbol\/wp-json\/wp\/v2\/posts\/508359"}],"collection":[{"href":"http:\/\/desarrollo.grupomedios.com\/futbol\/wp-json\/wp\/v2\/posts"}],"about":[{"href":"http:\/\/desarrollo.grupomedios.com\/futbol\/wp-json\/wp\/v2\/types\/post"}],"author":[{"embeddable":true,"href":"http:\/\/desarrollo.grupomedios.com\/futbol\/wp-json\/wp\/v2\/users\/159"}],"replies":[{"embeddable":true,"href":"http:\/\/desarrollo.grupomedios.com\/futbol\/wp-json\/wp\/v2\/comments?post=508359"}],"version-history":[{"count":1,"href":"http:\/\/desarrollo.grupomedios.com\/futbol\/wp-json\/wp\/v2\/posts\/508359\/revisions"}],"predecessor-version":[{"id":508361,"href":"http:\/\/desarrollo.grupomedios.com\/futbol\/wp-json\/wp\/v2\/posts\/508359\/revisions\/508361"}],"wp:featuredmedia":[{"embeddable":true,"href":"http:\/\/desarrollo.grupomedios.com\/futbol\/wp-json\/wp\/v2\/media\/508360"}],"wp:attachment":[{"href":"http:\/\/desarrollo.grupomedios.com\/futbol\/wp-json\/wp\/v2\/media?parent=508359"}],"wp:term":[{"taxonomy":"category","embeddable":true,"href":"http:\/\/desarrollo.grupomedios.com\/futbol\/wp-json\/wp\/v2\/categories?post=508359"},{"taxonomy":"post_tag","embeddable":true,"href":"http:\/\/desarrollo.grupomedios.com\/futbol\/wp-json\/wp\/v2\/tags?post=508359"}],"curies":[{"name":"wp","href":"https:\/\/api.w.org\/{rel}","templated":true}]}}