{"id":508365,"date":"2017-11-06T18:41:52","date_gmt":"2017-11-07T00:41:52","guid":{"rendered":"https:\/\/www.futboltotal.com.mx\/?p=508365"},"modified":"2017-11-06T18:41:52","modified_gmt":"2017-11-07T00:41:52","slug":"chivas-desea-a-dos-futbolistas-santos-laguna","status":"publish","type":"post","link":"http:\/\/desarrollo.grupomedios.com\/futbol\/futbol-mexicano\/chivas-desea-a-dos-futbolistas-santos-laguna\/2017\/11","title":{"rendered":"Chivas desea a dos futbolistas de Santos Laguna"},"content":{"rendered":"<p><strong>POR: STAFF FT<\/strong><\/p>\n<p>Las <strong>Chivas de Guadalajara<\/strong> ya est\u00e1n pensando en el <strong>Clausura 2018<\/strong>, luego que se quedaran sin la Copa y Liga MX esta temporada y tienen en la mira a dos futbolistas de <strong>Santos Laguna<\/strong>, por los que estar\u00edan dispuestos a dejar ir algunos de sus jugadores, aquellos que el estratega de los Rojiblancos, <strong>Mat\u00edas Almeyda<\/strong> ya no tiene considerados para el pr\u00f3ximo torneo.<\/p>\n<p>De acuerdo a medios locales en Guadalajara, el Reba\u00f1o tiene en la mira a <strong>Walter Gael Sandoval<\/strong>, mediocampista de los laguneros de 22 a\u00f1os y estar\u00eda dispuesto a cambiarlo por<strong> Carlos Fierro<\/strong>, quien en alg\u00fan momento ya sali\u00f3 del club a Quer\u00e9taro, pero en esta ocasi\u00f3n ser\u00eda un intercambio de forma total. Otro futbolista que entrar\u00eda en la transacci\u00f3n ser\u00eda\u00a0<strong>Jorge &#8216;Chat\u00f3n&#8217; Enr\u00edquez<\/strong>, quien ya est\u00e1 con Santos pero se ir\u00eda de forma definitiva.<\/p>\n<p style=\"text-align: center;\"><a href=\"https:\/\/www.futboltotal.com.mx\/futbol-mexicano\/liga-mx\/erick-gutierrez-dejara-pachuca-por-psv-eindhoven-en-mayo\/2017\/11\" target=\"_blank\" rel=\"noopener\">VER M\u00c1S: PSV Eindhoven se lleavr\u00eda a otro jugador del Pachuca\u00a0<\/a><\/p>\n<p>Sin embargo, la prioridad de los Rojiblancos ser\u00eda hacerse con los servicios del defensa central, <strong>N\u00e9stor Araujo<\/strong>, por quien estar\u00edan dispuestos a ofrecer a los dos futbolistas mencionados (Fierro y Chat\u00f3n), pues ser\u00eda el n\u00famero uno en la lista de Chivas, adem\u00e1s estar\u00edan dispuestos ha dejar ir a\u00a0<strong>Hedgardo Marin y Miguel Basulto<\/strong>, para consumar los dos fichajes que desean.<\/p>\n<p>Chivas ha indicado, a trav\u00e9s de su directiva que solo pretenden a tres futbolistas como fichajes, que ser\u00edan un guardameta, por la posible salida de <strong>Rodolfo Cota<\/strong> y un mediocampista, pero han dejado claro que la defensa ser\u00eda una prioridad, pues <strong>Osvaldo Alan\u00eds y Jair Pereira<\/strong> han sufrido var\u00edas lesiones que no les permitieron rendir en el actual Apertura 2017.<\/p>\n<p style=\"text-align: center;\"><a href=\"https:\/\/www.futboltotal.com.mx\/futbol-internacional\/liga-de-espana\/fc-barcelona-tiene-3-alternativas-para-coutinho\/2017\/11\" target=\"_blank\" rel=\"noopener\">VER M\u00c1S: FC Barcelona ya tiene 3 alternativas para Coutinho<\/a><\/p>\n","protected":false},"excerpt":{"rendered":"<p>Chivas ya piensa en armarse para el Clausura 2018<\/p>\n","protected":false},"author":159,"featured_media":508366,"comment_status":"closed","ping_status":"closed","sticky":false,"template":"","format":"standard","meta":[],"categories":[2198,3845],"tags":[70,9028,1972,11067,11066],"_links":{"self":[{"href":"http:\/\/desarrollo.grupomedios.com\/futbol\/wp-json\/wp\/v2\/posts\/508365"}],"collection":[{"href":"http:\/\/desarrollo.grupomedios.com\/futbol\/wp-json\/wp\/v2\/posts"}],"about":[{"href":"http:\/\/desarrollo.grupomedios.com\/futbol\/wp-json\/wp\/v2\/types\/post"}],"author":[{"embeddable":true,"href":"http:\/\/desarrollo.grupomedios.com\/futbol\/wp-json\/wp\/v2\/users\/159"}],"replies":[{"embeddable":true,"href":"http:\/\/desarrollo.grupomedios.com\/futbol\/wp-json\/wp\/v2\/comments?post=508365"}],"version-history":[{"count":1,"href":"http:\/\/desarrollo.grupomedios.com\/futbol\/wp-json\/wp\/v2\/posts\/508365\/revisions"}],"predecessor-version":[{"id":508367,"href":"http:\/\/desarrollo.grupomedios.com\/futbol\/wp-json\/wp\/v2\/posts\/508365\/revisions\/508367"}],"wp:featuredmedia":[{"embeddable":true,"href":"http:\/\/desarrollo.grupomedios.com\/futbol\/wp-json\/wp\/v2\/media\/508366"}],"wp:attachment":[{"href":"http:\/\/desarrollo.grupomedios.com\/futbol\/wp-json\/wp\/v2\/media?parent=508365"}],"wp:term":[{"taxonomy":"category","embeddable":true,"href":"http:\/\/desarrollo.grupomedios.com\/futbol\/wp-json\/wp\/v2\/categories?post=508365"},{"taxonomy":"post_tag","embeddable":true,"href":"http:\/\/desarrollo.grupomedios.com\/futbol\/wp-json\/wp\/v2\/tags?post=508365"}],"curies":[{"name":"wp","href":"https:\/\/api.w.org\/{rel}","templated":true}]}}